{"id":721,"date":"2018-02-04T09:14:17","date_gmt":"2018-02-04T08:14:17","guid":{"rendered":"http:\/\/www.sainte-therese-plouzane.fr\/?p=721"},"modified":"2018-02-04T09:14:17","modified_gmt":"2018-02-04T08:14:17","slug":"sortie-mediatheque-des-ce2-cm1-mardi-23-janvier","status":"publish","type":"post","link":"https:\/\/www.sainte-therese-plouzane.fr\/index.php\/2018\/02\/04\/sortie-mediatheque-des-ce2-cm1-mardi-23-janvier\/","title":{"rendered":"Sortie m\u00e9diath\u00e8que des CE2\/CM1 mardi 23 janvier"},"content":{"rendered":"<p>Nous avons particip\u00e9 \u00e0 une animation sur le th\u00e8me\u00a0: \u00ab\u00a0Les contes d\u00e9tourn\u00e9s\u00a0\u00bb.<\/p>\n<p>L\u2019animatrice a expliqu\u00e9 la d\u00e9finition d\u2019un conte d\u00e9tourn\u00e9. Puis nous avons travaill\u00e9 sur plusieurs contes, \u00ab\u00a0Le petit poucet\u00a0\u00bb, \u00ab\u00a0La belle et la b\u00eate\u00a0\u00bb, \u00ab\u00a0La petite fille aux allumettes, \u00ab\u00a0Hansel et Gretel\u00a0\u00bb\u2026 Nous devions retrouver tous les livres qui traitaient du m\u00eame conte parmi une collection d\u2019albums et les classer selon leur cat\u00e9gorie\u00a0 (conte traditionnel ou conte d\u00e9tourn\u00e9). Chaque groupe a expliqu\u00e9 son classement et ainsi nous avons d\u00e9couvert plein de versions d\u00e9tourn\u00e9es des contes traditionnels.<\/p>\n<p>Puis nous avons r\u00e9solu des \u00e9nigmes\u2026<\/p>\n<p>Ce travail vient compl\u00e9ter les recherches d\u00e9j\u00e0 effectu\u00e9es en classe sur les contes.<\/p>\n<p>&nbsp;<\/p>\n<p>&nbsp;<\/p>\n<p>&nbsp;<\/p>\n<p>&nbsp;<\/p>\n<p><img loading=\"lazy\" decoding=\"async\" class=\"alignnone size-medium wp-image-722\" src=\"http:\/\/www.sainte-therese-plouzane.fr\/wp-content\/uploads\/2018\/02\/M\u00e9diat-2-169x300.jpg\" alt=\"\" width=\"169\" height=\"300\" srcset=\"https:\/\/www.sainte-therese-plouzane.fr\/wp-content\/uploads\/2018\/02\/M\u00e9diat-2-169x300.jpg 169w, https:\/\/www.sainte-therese-plouzane.fr\/wp-content\/uploads\/2018\/02\/M\u00e9diat-2-768x1361.jpg 768w, https:\/\/www.sainte-therese-plouzane.fr\/wp-content\/uploads\/2018\/02\/M\u00e9diat-2-578x1024.jpg 578w, https:\/\/www.sainte-therese-plouzane.fr\/wp-content\/uploads\/2018\/02\/M\u00e9diat-2.jpg 1729w\" sizes=\"auto, (max-width: 169px) 100vw, 169px\" \/> <img loading=\"lazy\" decoding=\"async\" class=\"alignnone size-medium wp-image-723\" src=\"http:\/\/www.sainte-therese-plouzane.fr\/wp-content\/uploads\/2018\/02\/M\u00e9diat-3-300x170.jpg\" alt=\"\" width=\"300\" height=\"170\" srcset=\"https:\/\/www.sainte-therese-plouzane.fr\/wp-content\/uploads\/2018\/02\/M\u00e9diat-3-300x170.jpg 300w, https:\/\/www.sainte-therese-plouzane.fr\/wp-content\/uploads\/2018\/02\/M\u00e9diat-3-768x436.jpg 768w, https:\/\/www.sainte-therese-plouzane.fr\/wp-content\/uploads\/2018\/02\/M\u00e9diat-3-1024x581.jpg 1024w, https:\/\/www.sainte-therese-plouzane.fr\/wp-content\/uploads\/2018\/02\/M\u00e9diat-3-350x197.jpg 350w, https:\/\/www.sainte-therese-plouzane.fr\/wp-content\/uploads\/2018\/02\/M\u00e9diat-3-860x484.jpg 860w\" sizes=\"auto, (max-width: 300px) 100vw, 300px\" \/> <img loading=\"lazy\" decoding=\"async\" class=\"alignnone size-medium wp-image-724\" src=\"http:\/\/www.sainte-therese-plouzane.fr\/wp-content\/uploads\/2018\/02\/m\u00e9diat-4-300x169.jpg\" alt=\"\" width=\"300\" height=\"169\" srcset=\"https:\/\/www.sainte-therese-plouzane.fr\/wp-content\/uploads\/2018\/02\/m\u00e9diat-4-300x169.jpg 300w, https:\/\/www.sainte-therese-plouzane.fr\/wp-content\/uploads\/2018\/02\/m\u00e9diat-4-768x432.jpg 768w, https:\/\/www.sainte-therese-plouzane.fr\/wp-content\/uploads\/2018\/02\/m\u00e9diat-4-1024x576.jpg 1024w, https:\/\/www.sainte-therese-plouzane.fr\/wp-content\/uploads\/2018\/02\/m\u00e9diat-4-350x197.jpg 350w, https:\/\/www.sainte-therese-plouzane.fr\/wp-content\/uploads\/2018\/02\/m\u00e9diat-4-860x484.jpg 860w\" sizes=\"auto, (max-width: 300px) 100vw, 300px\" \/> <img loading=\"lazy\" decoding=\"async\" class=\"alignnone size-medium wp-image-725\" src=\"http:\/\/www.sainte-therese-plouzane.fr\/wp-content\/uploads\/2018\/02\/m\u00e9diath-1-169x300.jpg\" alt=\"\" width=\"169\" height=\"300\" srcset=\"https:\/\/www.sainte-therese-plouzane.fr\/wp-content\/uploads\/2018\/02\/m\u00e9diath-1-169x300.jpg 169w, https:\/\/www.sainte-therese-plouzane.fr\/wp-content\/uploads\/2018\/02\/m\u00e9diath-1-768x1365.jpg 768w, https:\/\/www.sainte-therese-plouzane.fr\/wp-content\/uploads\/2018\/02\/m\u00e9diath-1-576x1024.jpg 576w, https:\/\/www.sainte-therese-plouzane.fr\/wp-content\/uploads\/2018\/02\/m\u00e9diath-1.jpg 1725w\" sizes=\"auto, (max-width: 169px) 100vw, 169px\" \/><\/p>\n<p>&nbsp;<\/p>\n<p>&nbsp;<\/p>\n<p>&nbsp;<\/p>\n","protected":false},"excerpt":{"rendered":"<p>Nous avons particip\u00e9 \u00e0 une animation sur le th\u00e8me\u00a0: \u00ab\u00a0Les contes d\u00e9tourn\u00e9s\u00a0\u00bb. L\u2019animatrice a expliqu\u00e9 la d\u00e9finition d\u2019un conte d\u00e9tourn\u00e9. Puis nous avons travaill\u00e9 sur plusieurs contes, \u00ab\u00a0Le petit poucet\u00a0\u00bb, \u00ab\u00a0La belle et la b\u00eate\u00a0\u00bb, \u00ab\u00a0La petite fille aux allumettes, \u00ab\u00a0Hansel et Gretel\u00a0\u00bb\u2026 Nous devions retrouver tous les livres qui traitaient du m\u00eame conte parmi <a class=\"more-link\" href=\"https:\/\/www.sainte-therese-plouzane.fr\/index.php\/2018\/02\/04\/sortie-mediatheque-des-ce2-cm1-mardi-23-janvier\/\">Lire plus &#8230;<\/a><\/p>\n","protected":false},"author":1,"featured_media":725,"comment_status":"closed","ping_status":"closed","sticky":false,"template":"","format":"standard","meta":{"footnotes":""},"categories":[8,9,6],"tags":[],"class_list":["post-721","post","type-post","status-publish","format-standard","has-post-thumbnail","hentry","category-cycle-2","category-cycle-3","category-vie-scolaire"],"_links":{"self":[{"href":"https:\/\/www.sainte-therese-plouzane.fr\/index.php\/wp-json\/wp\/v2\/posts\/721","targetHints":{"allow":["GET"]}}],"collection":[{"href":"https:\/\/www.sainte-therese-plouzane.fr\/index.php\/wp-json\/wp\/v2\/posts"}],"about":[{"href":"https:\/\/www.sainte-therese-plouzane.fr\/index.php\/wp-json\/wp\/v2\/types\/post"}],"author":[{"embeddable":true,"href":"https:\/\/www.sainte-therese-plouzane.fr\/index.php\/wp-json\/wp\/v2\/users\/1"}],"replies":[{"embeddable":true,"href":"https:\/\/www.sainte-therese-plouzane.fr\/index.php\/wp-json\/wp\/v2\/comments?post=721"}],"version-history":[{"count":1,"href":"https:\/\/www.sainte-therese-plouzane.fr\/index.php\/wp-json\/wp\/v2\/posts\/721\/revisions"}],"predecessor-version":[{"id":726,"href":"https:\/\/www.sainte-therese-plouzane.fr\/index.php\/wp-json\/wp\/v2\/posts\/721\/revisions\/726"}],"wp:featuredmedia":[{"embeddable":true,"href":"https:\/\/www.sainte-therese-plouzane.fr\/index.php\/wp-json\/wp\/v2\/media\/725"}],"wp:attachment":[{"href":"https:\/\/www.sainte-therese-plouzane.fr\/index.php\/wp-json\/wp\/v2\/media?parent=721"}],"wp:term":[{"taxonomy":"category","embeddable":true,"href":"https:\/\/www.sainte-therese-plouzane.fr\/index.php\/wp-json\/wp\/v2\/categories?post=721"},{"taxonomy":"post_tag","embeddable":true,"href":"https:\/\/www.sainte-therese-plouzane.fr\/index.php\/wp-json\/wp\/v2\/tags?post=721"}],"curies":[{"name":"wp","href":"https:\/\/api.w.org\/{rel}","templated":true}]}}