{"id":593,"date":"2017-08-30T20:59:08","date_gmt":"2017-08-30T18:59:08","guid":{"rendered":"http:\/\/www.sainte-therese-plouzane.fr\/?p=593"},"modified":"2017-08-30T20:59:08","modified_gmt":"2017-08-30T18:59:08","slug":"cest-la-rentree","status":"publish","type":"post","link":"https:\/\/www.sainte-therese-plouzane.fr\/index.php\/2017\/08\/30\/cest-la-rentree\/","title":{"rendered":"C&#8217;est la rentr\u00e9e"},"content":{"rendered":"<p>Voici venue la fin des vacances&#8230;<\/p>\n<p>Toute l&#8217;\u00e9quipe de l&#8217;\u00e9cole Sainte Th\u00e9r\u00e8se vous donne rendez-vous lundi 4 septembre :<\/p>\n<ul>\n<li>A 8h45, dans la cour des primaires pour les \u00e9l\u00e8ves du CP au CM2;<\/li>\n<li>A 9h, dans la cour des maternelles pour les \u00e9l\u00e8ves de la TPS \u00e0 la GS.<\/li>\n<\/ul>\n<p>Au plaisir de vous revoir !<\/p>\n","protected":false},"excerpt":{"rendered":"<p>Voici venue la fin des vacances&#8230; Toute l&#8217;\u00e9quipe de l&#8217;\u00e9cole Sainte Th\u00e9r\u00e8se vous donne rendez-vous lundi 4 septembre : A 8h45, dans la cour des primaires pour les \u00e9l\u00e8ves du CP au CM2; A 9h, dans la cour des maternelles pour les \u00e9l\u00e8ves de la TPS \u00e0 la GS. Au plaisir de vous revoir !<\/p>\n","protected":false},"author":1,"featured_media":594,"comment_status":"closed","ping_status":"closed","sticky":false,"template":"","format":"standard","meta":{"footnotes":""},"categories":[7,8,9,6],"tags":[],"class_list":["post-593","post","type-post","status-publish","format-standard","has-post-thumbnail","hentry","category-cycle-1","category-cycle-2","category-cycle-3","category-vie-scolaire"],"_links":{"self":[{"href":"https:\/\/www.sainte-therese-plouzane.fr\/index.php\/wp-json\/wp\/v2\/posts\/593","targetHints":{"allow":["GET"]}}],"collection":[{"href":"https:\/\/www.sainte-therese-plouzane.fr\/index.php\/wp-json\/wp\/v2\/posts"}],"about":[{"href":"https:\/\/www.sainte-therese-plouzane.fr\/index.php\/wp-json\/wp\/v2\/types\/post"}],"author":[{"embeddable":true,"href":"https:\/\/www.sainte-therese-plouzane.fr\/index.php\/wp-json\/wp\/v2\/users\/1"}],"replies":[{"embeddable":true,"href":"https:\/\/www.sainte-therese-plouzane.fr\/index.php\/wp-json\/wp\/v2\/comments?post=593"}],"version-history":[{"count":1,"href":"https:\/\/www.sainte-therese-plouzane.fr\/index.php\/wp-json\/wp\/v2\/posts\/593\/revisions"}],"predecessor-version":[{"id":595,"href":"https:\/\/www.sainte-therese-plouzane.fr\/index.php\/wp-json\/wp\/v2\/posts\/593\/revisions\/595"}],"wp:featuredmedia":[{"embeddable":true,"href":"https:\/\/www.sainte-therese-plouzane.fr\/index.php\/wp-json\/wp\/v2\/media\/594"}],"wp:attachment":[{"href":"https:\/\/www.sainte-therese-plouzane.fr\/index.php\/wp-json\/wp\/v2\/media?parent=593"}],"wp:term":[{"taxonomy":"category","embeddable":true,"href":"https:\/\/www.sainte-therese-plouzane.fr\/index.php\/wp-json\/wp\/v2\/categories?post=593"},{"taxonomy":"post_tag","embeddable":true,"href":"https:\/\/www.sainte-therese-plouzane.fr\/index.php\/wp-json\/wp\/v2\/tags?post=593"}],"curies":[{"name":"wp","href":"https:\/\/api.w.org\/{rel}","templated":true}]}}