{"id":32,"date":"2016-11-07T23:23:38","date_gmt":"2016-11-07T22:23:38","guid":{"rendered":"http:\/\/www.sainte-therese-plouzane.fr\/?p=32"},"modified":"2016-11-30T21:06:24","modified_gmt":"2016-11-30T20:06:24","slug":"lapel","status":"publish","type":"post","link":"https:\/\/www.sainte-therese-plouzane.fr\/index.php\/2016\/11\/07\/lapel\/","title":{"rendered":"l&#8217;APEL"},"content":{"rendered":"<p><span style=\"font-family: Arial; font-size: large;\">Membre actif de la communaut\u00e9 \u00e9ducative, l\u2019association repr\u00e9sente les parents d\u2019\u00e9l\u00e8ves\u00a0:<\/span><\/p>\n<p><span style=\"font-family: Arial; font-size: large;\">&#8211; Au sein de l\u2019\u00e9tablissement, <\/span><\/p>\n<p><span style=\"font-family: Arial; font-size: large;\">&#8211; Aupr\u00e8s des instances de l\u2019Enseignement Catholique,<\/span><\/p>\n<p><span style=\"font-family: Arial; font-size: large;\">&#8211; Aupr\u00e8s des pouvoirs publics.<\/span><\/p>\n<p>&nbsp;<\/p>\n<p><span style=\"font-family: Arial; font-size: large;\"><strong>UNE \u00c9QUIPE DYNAMIQUE<\/strong><\/span><\/p>\n<p align=\"justify\"><span style=\"font-family: Arial; font-size: large;\"> Une quinzaine de b\u00e9n\u00e9voles actifs, membres du conseil d\u2019administration participe \u00e0 l\u2019organisation et au d\u00e9roulement des manifestations propos\u00e9es durant l\u2019ann\u00e9e scolaire.<\/span><\/p>\n<p align=\"justify\"><span style=\"font-family: Arial; font-size: large;\"> Ce b\u00e9n\u00e9volat est un soutien indispensable et efficace \u00e0 l\u2019action des membres du bureau constitu\u00e9s par\u00a0:<\/span><\/p>\n<p align=\"justify\"><span style=\"font-family: Arial;\"><span style=\"font-size: large;\"><b> PR\u00c9SIDENTE : <span style=\"font-family: Arial; font-size: large;\">C\u00e9line BUCHMANN<\/span><br \/>\n<\/b><\/span><\/span><\/p>\n<p><span style=\"font-family: Arial;\"><b> <span style=\"font-size: large;\">VICE-PR\u00c9SIDENT<\/span><\/b><span style=\"font-size: large;\"><b>E : <span style=\"font-family: Arial; font-size: large;\">Myriam GARDIE<\/span><\/b><\/span><\/span><\/p>\n<p><span style=\"font-family: Arial; font-size: large;\"><b>TR\u00c9SORI\u00c8RE :\u00a0Lydia RICOLLEAU<\/b> <\/span><\/p>\n<p><span style=\"font-family: Arial; font-size: large;\"><b>TR\u00c9SORI\u00c8RE ADJOINTE : Fanny BREUIL MALBURET<br \/>\n<\/b><\/span><\/p>\n<p><span style=\"font-family: Arial; font-size: large;\"><b>SECR\u00c9TAIRE : S\u00e9verine VERKUIJL<br \/>\n<\/b><\/span><\/p>\n<p><span style=\"font-family: Arial; font-size: large;\"><b>MEMBRES :<\/b><\/span><\/p>\n<p>Nolwenn MOCAER<\/p>\n<p>Gwena\u00eblle THOMAS LAOUENAN<\/p>\n<p>Caroline CASTELLE<\/p>\n<p>Yannick ERRERA<\/p>\n<p>Genevi\u00e8ve MANRY<\/p>\n<p>Armelle FRANCOIS<\/p>\n<p>Virginie BARON<\/p>\n<p>&nbsp;<\/p>\n<p><span style=\"font-family: Arial; font-size: large;\"> <strong>DES PROJETS AU SERVICE DE VALEURS<\/strong><\/span><\/p>\n<p align=\"justify\"><span style=\"font-family: Arial; font-size: large;\"> Tisser des liens pour favoriser la solidarit\u00e9, l\u2019esprit de famille, l\u2019\u00e9change et le partage sont les valeurs qui motivent les projets et les manifestations\u00a0: la bourse aux jouets et \u00e0 la pu\u00e9riculture, les chocolats et le march\u00e9 de No\u00ebl, les photos de classe, la f\u00eate de l\u2019\u00e9tablissement, et avec le concours du comit\u00e9 des f\u00eates des \u00e9coles priv\u00e9es de Plouzan\u00e9, le kig-ha-farz, le salon des saveurs et de la gastronomie et la kermesse.<\/span><\/p>\n<p align=\"justify\"><span style=\"font-family: Arial; font-size: large;\"> Les fonds collect\u00e9s sont int\u00e9gralement d\u00e9di\u00e9s au financement d\u2019\u00e9quipement et de projets p\u00e9dagogiques et de sorties ou voyages culturels et sportifs.<\/span><\/p>\n<p>&nbsp;<\/p>\n<p><span style=\"font-family: Arial; font-size: large;\"><strong> NOTRE ENGAGEMENT ET NOTRE MISSION<\/strong><\/span><\/p>\n<p align=\"justify\"><span style=\"font-family: Arial; font-size: large;\">Participer au bien-\u00eatre de nos enfants dans leur vie scolaire et les accompagner pour bien grandir.<\/span><\/p>\n<p><span style=\"font-family: Arial; font-size: large;\"><b>\u00a0<\/b><\/span><\/p>\n<p><span style=\"font-family: Arial; font-size: large;\"><b>\u00a0<\/b><br \/>\n<\/span><\/p>\n<p align=\"justify\"><span style=\"font-family: Arial;\"><br \/>\n<\/span><\/p>\n","protected":false},"excerpt":{"rendered":"<p>Membre actif de la communaut\u00e9 \u00e9ducative, l\u2019association repr\u00e9sente les parents d\u2019\u00e9l\u00e8ves\u00a0: &#8211; Au sein de l\u2019\u00e9tablissement, &#8211; Aupr\u00e8s des instances de l\u2019Enseignement Catholique, &#8211; Aupr\u00e8s des pouvoirs publics. &nbsp; UNE \u00c9QUIPE DYNAMIQUE Une quinzaine de b\u00e9n\u00e9voles actifs, membres du conseil d\u2019administration participe \u00e0 l\u2019organisation et au d\u00e9roulement des manifestations propos\u00e9es durant l\u2019ann\u00e9e scolaire. Ce b\u00e9n\u00e9volat <a class=\"more-link\" href=\"https:\/\/www.sainte-therese-plouzane.fr\/index.php\/2016\/11\/07\/lapel\/\">Lire plus &#8230;<\/a><\/p>\n","protected":false},"author":1,"featured_media":76,"comment_status":"closed","ping_status":"closed","sticky":false,"template":"","format":"standard","meta":{"footnotes":""},"categories":[5,3],"tags":[],"class_list":["post-32","post","type-post","status-publish","format-standard","has-post-thumbnail","hentry","category-apel","category-associations"],"_links":{"self":[{"href":"https:\/\/www.sainte-therese-plouzane.fr\/index.php\/wp-json\/wp\/v2\/posts\/32","targetHints":{"allow":["GET"]}}],"collection":[{"href":"https:\/\/www.sainte-therese-plouzane.fr\/index.php\/wp-json\/wp\/v2\/posts"}],"about":[{"href":"https:\/\/www.sainte-therese-plouzane.fr\/index.php\/wp-json\/wp\/v2\/types\/post"}],"author":[{"embeddable":true,"href":"https:\/\/www.sainte-therese-plouzane.fr\/index.php\/wp-json\/wp\/v2\/users\/1"}],"replies":[{"embeddable":true,"href":"https:\/\/www.sainte-therese-plouzane.fr\/index.php\/wp-json\/wp\/v2\/comments?post=32"}],"version-history":[{"count":1,"href":"https:\/\/www.sainte-therese-plouzane.fr\/index.php\/wp-json\/wp\/v2\/posts\/32\/revisions"}],"predecessor-version":[{"id":33,"href":"https:\/\/www.sainte-therese-plouzane.fr\/index.php\/wp-json\/wp\/v2\/posts\/32\/revisions\/33"}],"wp:featuredmedia":[{"embeddable":true,"href":"https:\/\/www.sainte-therese-plouzane.fr\/index.php\/wp-json\/wp\/v2\/media\/76"}],"wp:attachment":[{"href":"https:\/\/www.sainte-therese-plouzane.fr\/index.php\/wp-json\/wp\/v2\/media?parent=32"}],"wp:term":[{"taxonomy":"category","embeddable":true,"href":"https:\/\/www.sainte-therese-plouzane.fr\/index.php\/wp-json\/wp\/v2\/categories?post=32"},{"taxonomy":"post_tag","embeddable":true,"href":"https:\/\/www.sainte-therese-plouzane.fr\/index.php\/wp-json\/wp\/v2\/tags?post=32"}],"curies":[{"name":"wp","href":"https:\/\/api.w.org\/{rel}","templated":true}]}}