{"id":2913,"date":"2023-03-16T14:49:58","date_gmt":"2023-03-16T13:49:58","guid":{"rendered":"https:\/\/www.sainte-therese-plouzane.fr\/?p=2913"},"modified":"2023-03-16T14:50:12","modified_gmt":"2023-03-16T13:50:12","slug":"chorale-pour-les-cycles-1-et-2","status":"publish","type":"post","link":"https:\/\/www.sainte-therese-plouzane.fr\/index.php\/2023\/03\/16\/chorale-pour-les-cycles-1-et-2\/","title":{"rendered":"Chorale : pour les cycles 1 et 2."},"content":{"rendered":"\n<p>Depuis la rentr\u00e9e de septembre, tous les \u00e9l\u00e8ves de la TPS au CE2 b\u00e9n\u00e9ficient de s\u00e9ances de chorale prodigu\u00e9e par Marie-Fran\u00e7oise Kerdraon, ancienne directrice de l&#8217;\u00e9cole, accompagn\u00e9e \u00e0 la guitare par son \u00e9poux Gwena\u00ebl.<\/p>\n\n\n\n<p>Ces s\u00e9ances de chorale sont tr\u00e8s attendues pas les enfants qui <\/p>\n\n\n\n<figure class=\"wp-block-image size-large\"><img loading=\"lazy\" decoding=\"async\" width=\"1024\" height=\"768\" src=\"https:\/\/www.sainte-therese-plouzane.fr\/wp-content\/uploads\/2023\/03\/IMG_20230310_114259-1024x768.jpg\" alt=\"\" class=\"wp-image-2914\" srcset=\"https:\/\/www.sainte-therese-plouzane.fr\/wp-content\/uploads\/2023\/03\/IMG_20230310_114259-1024x768.jpg 1024w, https:\/\/www.sainte-therese-plouzane.fr\/wp-content\/uploads\/2023\/03\/IMG_20230310_114259-300x225.jpg 300w, https:\/\/www.sainte-therese-plouzane.fr\/wp-content\/uploads\/2023\/03\/IMG_20230310_114259-768x576.jpg 768w, https:\/\/www.sainte-therese-plouzane.fr\/wp-content\/uploads\/2023\/03\/IMG_20230310_114259-1536x1152.jpg 1536w, https:\/\/www.sainte-therese-plouzane.fr\/wp-content\/uploads\/2023\/03\/IMG_20230310_114259-2048x1536.jpg 2048w\" sizes=\"auto, (max-width: 1024px) 100vw, 1024px\" \/><\/figure>\n\n\n\n<figure class=\"wp-block-image size-large\"><img loading=\"lazy\" decoding=\"async\" width=\"1024\" height=\"768\" src=\"https:\/\/www.sainte-therese-plouzane.fr\/wp-content\/uploads\/2023\/03\/IMG_20230113_110615-1024x768.jpg\" alt=\"\" class=\"wp-image-2915\" srcset=\"https:\/\/www.sainte-therese-plouzane.fr\/wp-content\/uploads\/2023\/03\/IMG_20230113_110615-1024x768.jpg 1024w, https:\/\/www.sainte-therese-plouzane.fr\/wp-content\/uploads\/2023\/03\/IMG_20230113_110615-300x225.jpg 300w, https:\/\/www.sainte-therese-plouzane.fr\/wp-content\/uploads\/2023\/03\/IMG_20230113_110615-768x576.jpg 768w, https:\/\/www.sainte-therese-plouzane.fr\/wp-content\/uploads\/2023\/03\/IMG_20230113_110615-1536x1152.jpg 1536w, https:\/\/www.sainte-therese-plouzane.fr\/wp-content\/uploads\/2023\/03\/IMG_20230113_110615-2048x1536.jpg 2048w\" sizes=\"auto, (max-width: 1024px) 100vw, 1024px\" \/><\/figure>\n\n\n\n<figure class=\"wp-block-image size-large\"><img loading=\"lazy\" decoding=\"async\" width=\"1024\" height=\"768\" src=\"https:\/\/www.sainte-therese-plouzane.fr\/wp-content\/uploads\/2023\/03\/IMG_20230113_110635-1024x768.jpg\" alt=\"\" class=\"wp-image-2916\" srcset=\"https:\/\/www.sainte-therese-plouzane.fr\/wp-content\/uploads\/2023\/03\/IMG_20230113_110635-1024x768.jpg 1024w, https:\/\/www.sainte-therese-plouzane.fr\/wp-content\/uploads\/2023\/03\/IMG_20230113_110635-300x225.jpg 300w, https:\/\/www.sainte-therese-plouzane.fr\/wp-content\/uploads\/2023\/03\/IMG_20230113_110635-768x576.jpg 768w, https:\/\/www.sainte-therese-plouzane.fr\/wp-content\/uploads\/2023\/03\/IMG_20230113_110635-1536x1152.jpg 1536w, https:\/\/www.sainte-therese-plouzane.fr\/wp-content\/uploads\/2023\/03\/IMG_20230113_110635-2048x1536.jpg 2048w\" sizes=\"auto, (max-width: 1024px) 100vw, 1024px\" \/><\/figure>\n","protected":false},"excerpt":{"rendered":"<p>Depuis la rentr\u00e9e de septembre, tous les \u00e9l\u00e8ves de la TPS au CE2 b\u00e9n\u00e9ficient de s\u00e9ances de chorale prodigu\u00e9e par Marie-Fran\u00e7oise Kerdraon, ancienne directrice de l&#8217;\u00e9cole, accompagn\u00e9e \u00e0 la guitare par son \u00e9poux Gwena\u00ebl. Ces s\u00e9ances de chorale sont tr\u00e8s attendues pas les enfants qui<\/p>\n","protected":false},"author":1,"featured_media":2916,"comment_status":"closed","ping_status":"closed","sticky":false,"template":"","format":"standard","meta":{"footnotes":""},"categories":[7,8,6],"tags":[],"class_list":["post-2913","post","type-post","status-publish","format-standard","has-post-thumbnail","hentry","category-cycle-1","category-cycle-2","category-vie-scolaire"],"_links":{"self":[{"href":"https:\/\/www.sainte-therese-plouzane.fr\/index.php\/wp-json\/wp\/v2\/posts\/2913","targetHints":{"allow":["GET"]}}],"collection":[{"href":"https:\/\/www.sainte-therese-plouzane.fr\/index.php\/wp-json\/wp\/v2\/posts"}],"about":[{"href":"https:\/\/www.sainte-therese-plouzane.fr\/index.php\/wp-json\/wp\/v2\/types\/post"}],"author":[{"embeddable":true,"href":"https:\/\/www.sainte-therese-plouzane.fr\/index.php\/wp-json\/wp\/v2\/users\/1"}],"replies":[{"embeddable":true,"href":"https:\/\/www.sainte-therese-plouzane.fr\/index.php\/wp-json\/wp\/v2\/comments?post=2913"}],"version-history":[{"count":1,"href":"https:\/\/www.sainte-therese-plouzane.fr\/index.php\/wp-json\/wp\/v2\/posts\/2913\/revisions"}],"predecessor-version":[{"id":2917,"href":"https:\/\/www.sainte-therese-plouzane.fr\/index.php\/wp-json\/wp\/v2\/posts\/2913\/revisions\/2917"}],"wp:featuredmedia":[{"embeddable":true,"href":"https:\/\/www.sainte-therese-plouzane.fr\/index.php\/wp-json\/wp\/v2\/media\/2916"}],"wp:attachment":[{"href":"https:\/\/www.sainte-therese-plouzane.fr\/index.php\/wp-json\/wp\/v2\/media?parent=2913"}],"wp:term":[{"taxonomy":"category","embeddable":true,"href":"https:\/\/www.sainte-therese-plouzane.fr\/index.php\/wp-json\/wp\/v2\/categories?post=2913"},{"taxonomy":"post_tag","embeddable":true,"href":"https:\/\/www.sainte-therese-plouzane.fr\/index.php\/wp-json\/wp\/v2\/tags?post=2913"}],"curies":[{"name":"wp","href":"https:\/\/api.w.org\/{rel}","templated":true}]}}