{"id":2882,"date":"2023-01-26T16:05:38","date_gmt":"2023-01-26T15:05:38","guid":{"rendered":"https:\/\/www.sainte-therese-plouzane.fr\/?p=2882"},"modified":"2023-01-26T16:05:39","modified_gmt":"2023-01-26T15:05:39","slug":"erasmus","status":"publish","type":"post","link":"https:\/\/www.sainte-therese-plouzane.fr\/index.php\/2023\/01\/26\/erasmus\/","title":{"rendered":"ERASMUS +"},"content":{"rendered":"\n<p>A partir de la rentr\u00e9e prochaine, l&#8217;\u00e9cole fera partie du Consortium &#8220;Erasmus +&#8221;.<\/p>\n\n\n\n<p class=\"has-vivid-cyan-blue-color has-text-color\"><strong><em>Les activit\u00e9s pr\u00e9vues<\/em><\/strong><br>\u2022 Formation des enseignants et personnel : hybride ou en mobilit\u00e9<br>\u2022 Stages d\u2019observation<br>\u2022 Visites pr\u00e9paratoires<br>\u2022 Enseignement \u00e0 l\u2019\u00e9tranger<br>\u2022 Mobilit\u00e9s des \u00e9l\u00e8ves : en groupe (classe ou petit groupe<br>d\u2019ambassadeurs) ou en individuel pour des p\u00e9riodes longues<br>(scolarisation \u00e0 l\u2019\u00e9tranger).<\/p>\n\n\n\n<p class=\"has-vivid-green-cyan-color has-text-color\"><strong><em>Les objectifs<\/em><\/strong><\/p>\n\n\n\n<p class=\"has-vivid-green-cyan-color has-text-color\">Constituer un r\u00e9seau de r\u00e9f\u00e9rents sur l\u2019ouverture \u00e0 l\u2019international. La<br>diffusion dans les \u00e9tablissements et sur le territoire n\u00e9cessite des relais<br>form\u00e9s pour une mont\u00e9e en comp\u00e9tence de tous .<br>\u2022 D\u00e9velopper un r\u00e9seau de partenaires europ\u00e9ens et internationaux, le<br>mettre \u00e0 disposition des \u00e9tablissements du consortium et impulser une<br>dynamique de pilotage d\u2019actions europ\u00e9ennes et internationales<br>\u2022 Mutualiser les pratiques, les exp\u00e9riences et favoriser l\u2019\u00e9ducation des<br>enfants et des jeunes dans un environnement multiculturel et multilingue<br>fond\u00e9 sur les valeurs humanistes et de tol\u00e9rance.<br>\u2022 Dynamiser un territoire par l\u2019ouverture interculturelle, r\u00e9gionale et<br>internationale<br>\u2022 Former de futurs citoyens europ\u00e9ens<\/p>\n\n\n\n<p><\/p>\n\n\n\n<p class=\"has-luminous-vivid-orange-color has-text-color\"><strong><em>Les priorit\u00e9s du programme Erasmus +2021-2027<\/em><\/strong><br>\u2022 Inclusion des personnes en situation de handicap<br>\u2022 La lutte contre les d\u00e9crochages<br>\u2022 Le d\u00e9veloppement des comp\u00e9tences (comp\u00e9tences transversales,<br>comp\u00e9tences cl\u00e9s) et la pr\u00e9vention de l&#8217;illettrisme<br>\u2022 Le r\u00f4le de l&#8217;\u00e9ducation dans la lutte contre le r\u00e9chauffement<br>climatique et la transition environnementale.<\/p>\n","protected":false},"excerpt":{"rendered":"<p>A partir de la rentr\u00e9e prochaine, l&#8217;\u00e9cole fera partie du Consortium &#8220;Erasmus +&#8221;. Les activit\u00e9s pr\u00e9vues\u2022 Formation des enseignants et personnel : hybride ou en mobilit\u00e9\u2022 Stages d\u2019observation\u2022 Visites pr\u00e9paratoires\u2022 Enseignement \u00e0 l\u2019\u00e9tranger\u2022 Mobilit\u00e9s des \u00e9l\u00e8ves : en groupe (classe ou petit grouped\u2019ambassadeurs) ou en individuel pour des p\u00e9riodes longues(scolarisation \u00e0 l\u2019\u00e9tranger). Les objectifs Constituer <a class=\"more-link\" href=\"https:\/\/www.sainte-therese-plouzane.fr\/index.php\/2023\/01\/26\/erasmus\/\">Lire plus &#8230;<\/a><\/p>\n","protected":false},"author":1,"featured_media":2884,"comment_status":"closed","ping_status":"closed","sticky":false,"template":"","format":"standard","meta":{"footnotes":""},"categories":[7,8,9,6],"tags":[],"class_list":["post-2882","post","type-post","status-publish","format-standard","has-post-thumbnail","hentry","category-cycle-1","category-cycle-2","category-cycle-3","category-vie-scolaire"],"_links":{"self":[{"href":"https:\/\/www.sainte-therese-plouzane.fr\/index.php\/wp-json\/wp\/v2\/posts\/2882","targetHints":{"allow":["GET"]}}],"collection":[{"href":"https:\/\/www.sainte-therese-plouzane.fr\/index.php\/wp-json\/wp\/v2\/posts"}],"about":[{"href":"https:\/\/www.sainte-therese-plouzane.fr\/index.php\/wp-json\/wp\/v2\/types\/post"}],"author":[{"embeddable":true,"href":"https:\/\/www.sainte-therese-plouzane.fr\/index.php\/wp-json\/wp\/v2\/users\/1"}],"replies":[{"embeddable":true,"href":"https:\/\/www.sainte-therese-plouzane.fr\/index.php\/wp-json\/wp\/v2\/comments?post=2882"}],"version-history":[{"count":1,"href":"https:\/\/www.sainte-therese-plouzane.fr\/index.php\/wp-json\/wp\/v2\/posts\/2882\/revisions"}],"predecessor-version":[{"id":2885,"href":"https:\/\/www.sainte-therese-plouzane.fr\/index.php\/wp-json\/wp\/v2\/posts\/2882\/revisions\/2885"}],"wp:featuredmedia":[{"embeddable":true,"href":"https:\/\/www.sainte-therese-plouzane.fr\/index.php\/wp-json\/wp\/v2\/media\/2884"}],"wp:attachment":[{"href":"https:\/\/www.sainte-therese-plouzane.fr\/index.php\/wp-json\/wp\/v2\/media?parent=2882"}],"wp:term":[{"taxonomy":"category","embeddable":true,"href":"https:\/\/www.sainte-therese-plouzane.fr\/index.php\/wp-json\/wp\/v2\/categories?post=2882"},{"taxonomy":"post_tag","embeddable":true,"href":"https:\/\/www.sainte-therese-plouzane.fr\/index.php\/wp-json\/wp\/v2\/tags?post=2882"}],"curies":[{"name":"wp","href":"https:\/\/api.w.org\/{rel}","templated":true}]}}