{"id":2539,"date":"2022-03-02T08:35:01","date_gmt":"2022-03-02T07:35:01","guid":{"rendered":"https:\/\/www.sainte-therese-plouzane.fr\/?p=2539"},"modified":"2022-03-02T08:35:01","modified_gmt":"2022-03-02T07:35:01","slug":"sortie-a-la-mediatheque-pour-les-cm1-cm2","status":"publish","type":"post","link":"https:\/\/www.sainte-therese-plouzane.fr\/index.php\/2022\/03\/02\/sortie-a-la-mediatheque-pour-les-cm1-cm2\/","title":{"rendered":"Sortie \u00e0 la m\u00e9diath\u00e8que pour les CM1\/CM2."},"content":{"rendered":"\n<p>Jeudi 24 f\u00e9vrier, les \u00e9l\u00e8ves de CM1\/CM2 ont particip\u00e9 \u00e0 un atelier \u00e0 la m\u00e9diath\u00e8que de Plouzan\u00e9. Le th\u00e8me retenu \u00e9tait \u00ab&nbsp;Le portrait dans l\u2019art&nbsp;\u00bb. Les \u00e9l\u00e8ves ont d\u2019abord regard\u00e9 un diaporama sur l\u2019\u00e9volution du portrait dans l\u2019art depuis la pr\u00e9histoire&nbsp; jusqu\u2019\u00e0 l\u2019\u00e9poque contemporaine. Ils \u00e9taient tr\u00e8s int\u00e9ress\u00e9s et avaient d\u00e9j\u00e0 beaucoup de connaissances sur les \u0153uvres ou les artistes pr\u00e9sent\u00e9s.<\/p>\n\n\n\n<p>Puis par groupe de 2 ou 3, ils ont particip\u00e9 \u00e0 plusieurs ateliers dans lesquels ils ont feuillet\u00e9 des ouvrages divers et vari\u00e9s sur les arts, les artistes ou les mus\u00e9es nationaux.<\/p>\n\n\n\n<p>Ce fut une matin\u00e9e tr\u00e8s riche\u00a0et tr\u00e8s enrichissante !<\/p>\n\n\n\n<figure class=\"wp-block-image size-large\"><img loading=\"lazy\" decoding=\"async\" width=\"1024\" height=\"461\" src=\"https:\/\/www.sainte-therese-plouzane.fr\/wp-content\/uploads\/2022\/03\/20220224_0926481-1024x461.jpg\" alt=\"\" class=\"wp-image-2541\" srcset=\"https:\/\/www.sainte-therese-plouzane.fr\/wp-content\/uploads\/2022\/03\/20220224_0926481-1024x461.jpg 1024w, https:\/\/www.sainte-therese-plouzane.fr\/wp-content\/uploads\/2022\/03\/20220224_0926481-300x135.jpg 300w, https:\/\/www.sainte-therese-plouzane.fr\/wp-content\/uploads\/2022\/03\/20220224_0926481-768x346.jpg 768w, https:\/\/www.sainte-therese-plouzane.fr\/wp-content\/uploads\/2022\/03\/20220224_0926481-1536x692.jpg 1536w, https:\/\/www.sainte-therese-plouzane.fr\/wp-content\/uploads\/2022\/03\/20220224_0926481-2048x922.jpg 2048w\" sizes=\"auto, (max-width: 1024px) 100vw, 1024px\" \/><\/figure>\n\n\n\n<figure class=\"wp-block-image size-large\"><img loading=\"lazy\" decoding=\"async\" width=\"459\" height=\"1024\" src=\"https:\/\/www.sainte-therese-plouzane.fr\/wp-content\/uploads\/2022\/03\/20220224_1039491-459x1024.jpg\" alt=\"\" class=\"wp-image-2540\" srcset=\"https:\/\/www.sainte-therese-plouzane.fr\/wp-content\/uploads\/2022\/03\/20220224_1039491-459x1024.jpg 459w, https:\/\/www.sainte-therese-plouzane.fr\/wp-content\/uploads\/2022\/03\/20220224_1039491-135x300.jpg 135w, https:\/\/www.sainte-therese-plouzane.fr\/wp-content\/uploads\/2022\/03\/20220224_1039491-768x1713.jpg 768w, https:\/\/www.sainte-therese-plouzane.fr\/wp-content\/uploads\/2022\/03\/20220224_1039491-689x1536.jpg 689w, https:\/\/www.sainte-therese-plouzane.fr\/wp-content\/uploads\/2022\/03\/20220224_1039491-918x2048.jpg 918w, https:\/\/www.sainte-therese-plouzane.fr\/wp-content\/uploads\/2022\/03\/20220224_1039491-scaled.jpg 1148w\" sizes=\"auto, (max-width: 459px) 100vw, 459px\" \/><\/figure>\n\n\n\n<figure class=\"wp-block-image size-large\"><img loading=\"lazy\" decoding=\"async\" width=\"461\" height=\"1024\" src=\"https:\/\/www.sainte-therese-plouzane.fr\/wp-content\/uploads\/2022\/03\/20220224_1058441-461x1024.jpg\" alt=\"\" class=\"wp-image-2542\" srcset=\"https:\/\/www.sainte-therese-plouzane.fr\/wp-content\/uploads\/2022\/03\/20220224_1058441-461x1024.jpg 461w, https:\/\/www.sainte-therese-plouzane.fr\/wp-content\/uploads\/2022\/03\/20220224_1058441-135x300.jpg 135w, https:\/\/www.sainte-therese-plouzane.fr\/wp-content\/uploads\/2022\/03\/20220224_1058441-768x1705.jpg 768w, https:\/\/www.sainte-therese-plouzane.fr\/wp-content\/uploads\/2022\/03\/20220224_1058441-692x1536.jpg 692w, https:\/\/www.sainte-therese-plouzane.fr\/wp-content\/uploads\/2022\/03\/20220224_1058441-922x2048.jpg 922w, https:\/\/www.sainte-therese-plouzane.fr\/wp-content\/uploads\/2022\/03\/20220224_1058441-scaled.jpg 1153w\" sizes=\"auto, (max-width: 461px) 100vw, 461px\" \/><\/figure>\n\n\n\n<figure class=\"wp-block-image size-large\"><img loading=\"lazy\" decoding=\"async\" width=\"459\" height=\"1024\" src=\"https:\/\/www.sainte-therese-plouzane.fr\/wp-content\/uploads\/2022\/03\/20220224_1040301-459x1024.jpg\" alt=\"\" class=\"wp-image-2543\" srcset=\"https:\/\/www.sainte-therese-plouzane.fr\/wp-content\/uploads\/2022\/03\/20220224_1040301-459x1024.jpg 459w, https:\/\/www.sainte-therese-plouzane.fr\/wp-content\/uploads\/2022\/03\/20220224_1040301-135x300.jpg 135w, https:\/\/www.sainte-therese-plouzane.fr\/wp-content\/uploads\/2022\/03\/20220224_1040301-768x1713.jpg 768w, https:\/\/www.sainte-therese-plouzane.fr\/wp-content\/uploads\/2022\/03\/20220224_1040301-689x1536.jpg 689w, https:\/\/www.sainte-therese-plouzane.fr\/wp-content\/uploads\/2022\/03\/20220224_1040301-918x2048.jpg 918w, https:\/\/www.sainte-therese-plouzane.fr\/wp-content\/uploads\/2022\/03\/20220224_1040301-scaled.jpg 1148w\" sizes=\"auto, (max-width: 459px) 100vw, 459px\" \/><\/figure>\n\n\n\n<figure class=\"wp-block-image size-large\"><img loading=\"lazy\" decoding=\"async\" width=\"461\" height=\"1024\" src=\"https:\/\/www.sainte-therese-plouzane.fr\/wp-content\/uploads\/2022\/03\/20220224_1052491-461x1024.jpg\" alt=\"\" class=\"wp-image-2544\" srcset=\"https:\/\/www.sainte-therese-plouzane.fr\/wp-content\/uploads\/2022\/03\/20220224_1052491-461x1024.jpg 461w, https:\/\/www.sainte-therese-plouzane.fr\/wp-content\/uploads\/2022\/03\/20220224_1052491-135x300.jpg 135w, https:\/\/www.sainte-therese-plouzane.fr\/wp-content\/uploads\/2022\/03\/20220224_1052491-768x1705.jpg 768w, https:\/\/www.sainte-therese-plouzane.fr\/wp-content\/uploads\/2022\/03\/20220224_1052491-692x1536.jpg 692w, https:\/\/www.sainte-therese-plouzane.fr\/wp-content\/uploads\/2022\/03\/20220224_1052491-922x2048.jpg 922w, https:\/\/www.sainte-therese-plouzane.fr\/wp-content\/uploads\/2022\/03\/20220224_1052491-scaled.jpg 1153w\" sizes=\"auto, (max-width: 461px) 100vw, 461px\" \/><\/figure>\n\n\n\n<figure class=\"wp-block-image size-large\"><img loading=\"lazy\" decoding=\"async\" width=\"459\" height=\"1024\" src=\"https:\/\/www.sainte-therese-plouzane.fr\/wp-content\/uploads\/2022\/03\/20220224_1041431-459x1024.jpg\" alt=\"\" class=\"wp-image-2545\" srcset=\"https:\/\/www.sainte-therese-plouzane.fr\/wp-content\/uploads\/2022\/03\/20220224_1041431-459x1024.jpg 459w, https:\/\/www.sainte-therese-plouzane.fr\/wp-content\/uploads\/2022\/03\/20220224_1041431-135x300.jpg 135w, https:\/\/www.sainte-therese-plouzane.fr\/wp-content\/uploads\/2022\/03\/20220224_1041431-768x1713.jpg 768w, https:\/\/www.sainte-therese-plouzane.fr\/wp-content\/uploads\/2022\/03\/20220224_1041431-689x1536.jpg 689w, https:\/\/www.sainte-therese-plouzane.fr\/wp-content\/uploads\/2022\/03\/20220224_1041431-918x2048.jpg 918w, https:\/\/www.sainte-therese-plouzane.fr\/wp-content\/uploads\/2022\/03\/20220224_1041431-scaled.jpg 1148w\" sizes=\"auto, (max-width: 459px) 100vw, 459px\" \/><\/figure>\n","protected":false},"excerpt":{"rendered":"<p>Jeudi 24 f\u00e9vrier, les \u00e9l\u00e8ves de CM1\/CM2 ont particip\u00e9 \u00e0 un atelier \u00e0 la m\u00e9diath\u00e8que de Plouzan\u00e9. Le th\u00e8me retenu \u00e9tait \u00ab&nbsp;Le portrait dans l\u2019art&nbsp;\u00bb. Les \u00e9l\u00e8ves ont d\u2019abord regard\u00e9 un diaporama sur l\u2019\u00e9volution du portrait dans l\u2019art depuis la pr\u00e9histoire&nbsp; jusqu\u2019\u00e0 l\u2019\u00e9poque contemporaine. Ils \u00e9taient tr\u00e8s int\u00e9ress\u00e9s et avaient d\u00e9j\u00e0 beaucoup de connaissances sur <a class=\"more-link\" href=\"https:\/\/www.sainte-therese-plouzane.fr\/index.php\/2022\/03\/02\/sortie-a-la-mediatheque-pour-les-cm1-cm2\/\">Lire plus &#8230;<\/a><\/p>\n","protected":false},"author":1,"featured_media":2542,"comment_status":"closed","ping_status":"closed","sticky":false,"template":"","format":"standard","meta":{"footnotes":""},"categories":[9,6],"tags":[],"class_list":["post-2539","post","type-post","status-publish","format-standard","has-post-thumbnail","hentry","category-cycle-3","category-vie-scolaire"],"_links":{"self":[{"href":"https:\/\/www.sainte-therese-plouzane.fr\/index.php\/wp-json\/wp\/v2\/posts\/2539","targetHints":{"allow":["GET"]}}],"collection":[{"href":"https:\/\/www.sainte-therese-plouzane.fr\/index.php\/wp-json\/wp\/v2\/posts"}],"about":[{"href":"https:\/\/www.sainte-therese-plouzane.fr\/index.php\/wp-json\/wp\/v2\/types\/post"}],"author":[{"embeddable":true,"href":"https:\/\/www.sainte-therese-plouzane.fr\/index.php\/wp-json\/wp\/v2\/users\/1"}],"replies":[{"embeddable":true,"href":"https:\/\/www.sainte-therese-plouzane.fr\/index.php\/wp-json\/wp\/v2\/comments?post=2539"}],"version-history":[{"count":1,"href":"https:\/\/www.sainte-therese-plouzane.fr\/index.php\/wp-json\/wp\/v2\/posts\/2539\/revisions"}],"predecessor-version":[{"id":2546,"href":"https:\/\/www.sainte-therese-plouzane.fr\/index.php\/wp-json\/wp\/v2\/posts\/2539\/revisions\/2546"}],"wp:featuredmedia":[{"embeddable":true,"href":"https:\/\/www.sainte-therese-plouzane.fr\/index.php\/wp-json\/wp\/v2\/media\/2542"}],"wp:attachment":[{"href":"https:\/\/www.sainte-therese-plouzane.fr\/index.php\/wp-json\/wp\/v2\/media?parent=2539"}],"wp:term":[{"taxonomy":"category","embeddable":true,"href":"https:\/\/www.sainte-therese-plouzane.fr\/index.php\/wp-json\/wp\/v2\/categories?post=2539"},{"taxonomy":"post_tag","embeddable":true,"href":"https:\/\/www.sainte-therese-plouzane.fr\/index.php\/wp-json\/wp\/v2\/tags?post=2539"}],"curies":[{"name":"wp","href":"https:\/\/api.w.org\/{rel}","templated":true}]}}