{"id":2480,"date":"2022-02-03T11:40:48","date_gmt":"2022-02-03T10:40:48","guid":{"rendered":"https:\/\/www.sainte-therese-plouzane.fr\/?p=2480"},"modified":"2022-02-03T11:41:28","modified_gmt":"2022-02-03T10:41:28","slug":"cinema-pour-les-cp-ce1-ce2","status":"publish","type":"post","link":"https:\/\/www.sainte-therese-plouzane.fr\/index.php\/2022\/02\/03\/cinema-pour-les-cp-ce1-ce2\/","title":{"rendered":"Cin\u00e9ma pour les CP CE1 CE2."},"content":{"rendered":"\n<p> Le mardi 23 novembre, nous nous sommes rendus au cin\u00e9ma de Plougonvelin pour assister \u00e0 la s\u00e9ance \u00ab Kerity et la maison des contes \u00bb.<br>Le film nous a bien plu !  <\/p>\n\n\n\n<p><\/p>\n\n\n\n<p> Natana\u00ebl a bient\u00f4t 7 ans, mais il ne sait toujours pas lire&#8230; Lorsque sa tante El\u00e9onore lui l\u00e8gue sa biblioth\u00e8que contenant des centaines de livres, Natana\u00ebl est tr\u00e8s d\u00e9\u00e7u !<br>Pourtant, chacun de ces contes va livrer un merveilleux secret : \u00e0 la nuit tomb\u00e9e, les petits h\u00e9ros, la d\u00e9licieuse Alice, la m\u00e9chante f\u00e9e Carabosse, le terrible capitaine Crochet sortent des livres&#8230;<br>Ils doivent pr\u00e9venir Natana\u00ebl qu&#8217;ils courent un grand danger et risquent de dispara\u00eetre \u00e0 jamais.<br>Pour sauver ses minuscules amis et leurs histoires, Natana\u00ebl, r\u00e9tr\u00e9ci par la F\u00e9e Carabosse, se lance dans l&#8217;aventure !<br>Il affrontera vaillamment le tr\u00e8s fourbe Ramastou, les crabes g\u00e9ants, l&#8217;Ogre affam\u00e9&#8230;<br>Arrivera-t-il \u00e0 temps \u00e0 lire la formule magique qui les sauvera tous ?<br>Ce n&#8217;est pas parce que c&#8217;est invent\u00e9 que \u00e7a n&#8217;existe pas !  <\/p>\n\n\n\n<figure class=\"wp-block-image size-large\"><img loading=\"lazy\" decoding=\"async\" width=\"340\" height=\"340\" src=\"https:\/\/www.sainte-therese-plouzane.fr\/wp-content\/uploads\/2022\/02\/Kerity-la-maison-des-contes.jpg\" alt=\"\" class=\"wp-image-2481\" srcset=\"https:\/\/www.sainte-therese-plouzane.fr\/wp-content\/uploads\/2022\/02\/Kerity-la-maison-des-contes.jpg 340w, https:\/\/www.sainte-therese-plouzane.fr\/wp-content\/uploads\/2022\/02\/Kerity-la-maison-des-contes-300x300.jpg 300w, https:\/\/www.sainte-therese-plouzane.fr\/wp-content\/uploads\/2022\/02\/Kerity-la-maison-des-contes-150x150.jpg 150w, https:\/\/www.sainte-therese-plouzane.fr\/wp-content\/uploads\/2022\/02\/Kerity-la-maison-des-contes-200x200.jpg 200w\" sizes=\"auto, (max-width: 340px) 100vw, 340px\" \/><\/figure>\n\n\n\n<figure class=\"wp-block-image size-large\"><img loading=\"lazy\" decoding=\"async\" width=\"1024\" height=\"768\" src=\"https:\/\/www.sainte-therese-plouzane.fr\/wp-content\/uploads\/2022\/02\/IMG_20211123_154740-1024x768.jpg\" alt=\"\" class=\"wp-image-2483\" srcset=\"https:\/\/www.sainte-therese-plouzane.fr\/wp-content\/uploads\/2022\/02\/IMG_20211123_154740-1024x768.jpg 1024w, https:\/\/www.sainte-therese-plouzane.fr\/wp-content\/uploads\/2022\/02\/IMG_20211123_154740-300x225.jpg 300w, https:\/\/www.sainte-therese-plouzane.fr\/wp-content\/uploads\/2022\/02\/IMG_20211123_154740-768x576.jpg 768w, https:\/\/www.sainte-therese-plouzane.fr\/wp-content\/uploads\/2022\/02\/IMG_20211123_154740-1536x1152.jpg 1536w, https:\/\/www.sainte-therese-plouzane.fr\/wp-content\/uploads\/2022\/02\/IMG_20211123_154740-2048x1536.jpg 2048w\" sizes=\"auto, (max-width: 1024px) 100vw, 1024px\" \/><\/figure>\n\n\n\n<p><br><\/p>\n\n\n\n<p><br><\/p>\n","protected":false},"excerpt":{"rendered":"<p>Le mardi 23 novembre, nous nous sommes rendus au cin\u00e9ma de Plougonvelin pour assister \u00e0 la s\u00e9ance \u00ab Kerity et la maison des contes \u00bb.Le film nous a bien plu ! Natana\u00ebl a bient\u00f4t 7 ans, mais il ne sait toujours pas lire&#8230; Lorsque sa tante El\u00e9onore lui l\u00e8gue sa biblioth\u00e8que contenant des centaines de <a class=\"more-link\" href=\"https:\/\/www.sainte-therese-plouzane.fr\/index.php\/2022\/02\/03\/cinema-pour-les-cp-ce1-ce2\/\">Lire plus &#8230;<\/a><\/p>\n","protected":false},"author":1,"featured_media":2481,"comment_status":"closed","ping_status":"closed","sticky":false,"template":"","format":"standard","meta":{"footnotes":""},"categories":[7,8,6],"tags":[],"class_list":["post-2480","post","type-post","status-publish","format-standard","has-post-thumbnail","hentry","category-cycle-1","category-cycle-2","category-vie-scolaire"],"_links":{"self":[{"href":"https:\/\/www.sainte-therese-plouzane.fr\/index.php\/wp-json\/wp\/v2\/posts\/2480","targetHints":{"allow":["GET"]}}],"collection":[{"href":"https:\/\/www.sainte-therese-plouzane.fr\/index.php\/wp-json\/wp\/v2\/posts"}],"about":[{"href":"https:\/\/www.sainte-therese-plouzane.fr\/index.php\/wp-json\/wp\/v2\/types\/post"}],"author":[{"embeddable":true,"href":"https:\/\/www.sainte-therese-plouzane.fr\/index.php\/wp-json\/wp\/v2\/users\/1"}],"replies":[{"embeddable":true,"href":"https:\/\/www.sainte-therese-plouzane.fr\/index.php\/wp-json\/wp\/v2\/comments?post=2480"}],"version-history":[{"count":2,"href":"https:\/\/www.sainte-therese-plouzane.fr\/index.php\/wp-json\/wp\/v2\/posts\/2480\/revisions"}],"predecessor-version":[{"id":2484,"href":"https:\/\/www.sainte-therese-plouzane.fr\/index.php\/wp-json\/wp\/v2\/posts\/2480\/revisions\/2484"}],"wp:featuredmedia":[{"embeddable":true,"href":"https:\/\/www.sainte-therese-plouzane.fr\/index.php\/wp-json\/wp\/v2\/media\/2481"}],"wp:attachment":[{"href":"https:\/\/www.sainte-therese-plouzane.fr\/index.php\/wp-json\/wp\/v2\/media?parent=2480"}],"wp:term":[{"taxonomy":"category","embeddable":true,"href":"https:\/\/www.sainte-therese-plouzane.fr\/index.php\/wp-json\/wp\/v2\/categories?post=2480"},{"taxonomy":"post_tag","embeddable":true,"href":"https:\/\/www.sainte-therese-plouzane.fr\/index.php\/wp-json\/wp\/v2\/tags?post=2480"}],"curies":[{"name":"wp","href":"https:\/\/api.w.org\/{rel}","templated":true}]}}