{"id":237,"date":"2017-01-08T16:11:11","date_gmt":"2017-01-08T15:11:11","guid":{"rendered":"http:\/\/www.sainte-therese-plouzane.fr\/?p=237"},"modified":"2017-01-08T17:32:30","modified_gmt":"2017-01-08T16:32:30","slug":"237","status":"publish","type":"post","link":"https:\/\/www.sainte-therese-plouzane.fr\/index.php\/2017\/01\/08\/237\/","title":{"rendered":"Journ\u00e9e sans cartable"},"content":{"rendered":"<p style=\"text-align: center;\">Le mardi 13 d\u00e9cembre, les \u00e9l\u00e8ves de la maternelle au CM2 ont particip\u00e9 \u00e0 la <strong>journ\u00e9e sans cartable<\/strong>.<\/p>\n<p style=\"text-align: center;\">Dans la matin\u00e9e, nous nous sommes rendus \u00e0 la chapelle pour <strong>la c\u00e9l\u00e9bration de l&#8217;Avent, <\/strong>en pr\u00e9sence de l&#8217;abb\u00e9 Jacques Durant.<strong><br \/>\n<\/strong><\/p>\n<p><img loading=\"lazy\" decoding=\"async\" class=\"wp-image-244 aligncenter\" src=\"http:\/\/www.sainte-therese-plouzane.fr\/wp-content\/uploads\/2017\/01\/chapelle-Trinit\u00e9-300x225.jpg\" alt=\"\" width=\"349\" height=\"262\" srcset=\"https:\/\/www.sainte-therese-plouzane.fr\/wp-content\/uploads\/2017\/01\/chapelle-Trinit\u00e9-300x225.jpg 300w, https:\/\/www.sainte-therese-plouzane.fr\/wp-content\/uploads\/2017\/01\/chapelle-Trinit\u00e9.jpg 350w\" sizes=\"auto, (max-width: 349px) 100vw, 349px\" \/><\/p>\n<p>&nbsp;<\/p>\n<p style=\"text-align: center;\"><img loading=\"lazy\" decoding=\"async\" class=\"size-medium wp-image-240 aligncenter\" src=\"http:\/\/www.sainte-therese-plouzane.fr\/wp-content\/uploads\/2017\/01\/journ\u00e9e-ss-cartable-3-300x244.jpg\" alt=\"\" width=\"300\" height=\"244\" srcset=\"https:\/\/www.sainte-therese-plouzane.fr\/wp-content\/uploads\/2017\/01\/journ\u00e9e-ss-cartable-3-300x244.jpg 300w, https:\/\/www.sainte-therese-plouzane.fr\/wp-content\/uploads\/2017\/01\/journ\u00e9e-ss-cartable-3.jpg 317w\" sizes=\"auto, (max-width: 300px) 100vw, 300px\" \/><img loading=\"lazy\" decoding=\"async\" class=\"size-medium wp-image-242 aligncenter\" src=\"http:\/\/www.sainte-therese-plouzane.fr\/wp-content\/uploads\/2017\/01\/ss-cartable-300x240.jpg\" alt=\"\" width=\"300\" height=\"240\" srcset=\"https:\/\/www.sainte-therese-plouzane.fr\/wp-content\/uploads\/2017\/01\/ss-cartable-300x240.jpg 300w, https:\/\/www.sainte-therese-plouzane.fr\/wp-content\/uploads\/2017\/01\/ss-cartable.jpg 323w\" sizes=\"auto, (max-width: 300px) 100vw, 300px\" \/><img loading=\"lazy\" decoding=\"async\" class=\"size-medium wp-image-243 aligncenter\" src=\"http:\/\/www.sainte-therese-plouzane.fr\/wp-content\/uploads\/2017\/01\/c\u00e9l\u00e9bration-300x243.jpg\" alt=\"\" width=\"300\" height=\"243\" srcset=\"https:\/\/www.sainte-therese-plouzane.fr\/wp-content\/uploads\/2017\/01\/c\u00e9l\u00e9bration-300x243.jpg 300w, https:\/\/www.sainte-therese-plouzane.fr\/wp-content\/uploads\/2017\/01\/c\u00e9l\u00e9bration.jpg 318w\" sizes=\"auto, (max-width: 300px) 100vw, 300px\" \/>Puis l\u2019apr\u00e8s-midi, les \u00e9l\u00e8ves de CE2, CM1 et CM2 ont fait la lecture aux \u00e9l\u00e8ves de maternelle, de CP et CE1.<\/p>\n<p>&nbsp;<\/p>\n<p style=\"text-align: center;\"><img loading=\"lazy\" decoding=\"async\" class=\"size-medium wp-image-245 aligncenter\" src=\"http:\/\/www.sainte-therese-plouzane.fr\/wp-content\/uploads\/2017\/01\/lecture-300x237.jpg\" alt=\"\" width=\"300\" height=\"237\" srcset=\"https:\/\/www.sainte-therese-plouzane.fr\/wp-content\/uploads\/2017\/01\/lecture-300x237.jpg 300w, https:\/\/www.sainte-therese-plouzane.fr\/wp-content\/uploads\/2017\/01\/lecture.jpg 327w\" sizes=\"auto, (max-width: 300px) 100vw, 300px\" \/><\/p>\n<p style=\"text-align: center;\">Ensuite, les \u00e9l\u00e8ves qui souhaitaient montrer un de leurs talents (musique, danse, tour de magie, chant\u2026) se produisaient devant toute l\u2019assembl\u00e9e de l\u2019\u00e9cole. Cette journ\u00e9e s\u2019est termin\u00e9e par un petit go\u00fbter de cr\u00eapes confectionn\u00e9es par les \u00e9l\u00e8ves de grande section.<\/p>\n<p><img loading=\"lazy\" decoding=\"async\" class=\"aligncenter wp-image-241 size-full\" src=\"http:\/\/www.sainte-therese-plouzane.fr\/wp-content\/uploads\/2017\/01\/Journ\u00e9e-ss-cartable.png\" width=\"431\" height=\"324\" srcset=\"https:\/\/www.sainte-therese-plouzane.fr\/wp-content\/uploads\/2017\/01\/Journ\u00e9e-ss-cartable.png 431w, https:\/\/www.sainte-therese-plouzane.fr\/wp-content\/uploads\/2017\/01\/Journ\u00e9e-ss-cartable-300x226.png 300w\" sizes=\"auto, (max-width: 431px) 100vw, 431px\" \/><\/p>\n<p>&nbsp;<\/p>\n<p><img loading=\"lazy\" decoding=\"async\" class=\"size-medium wp-image-239 aligncenter\" src=\"http:\/\/www.sainte-therese-plouzane.fr\/wp-content\/uploads\/2017\/01\/DSC_0005-199x300.jpg\" alt=\"\" width=\"199\" height=\"300\" srcset=\"https:\/\/www.sainte-therese-plouzane.fr\/wp-content\/uploads\/2017\/01\/DSC_0005-199x300.jpg 199w, https:\/\/www.sainte-therese-plouzane.fr\/wp-content\/uploads\/2017\/01\/DSC_0005-768x1155.jpg 768w, https:\/\/www.sainte-therese-plouzane.fr\/wp-content\/uploads\/2017\/01\/DSC_0005-681x1024.jpg 681w\" sizes=\"auto, (max-width: 199px) 100vw, 199px\" \/><\/p>\n<p><img loading=\"lazy\" decoding=\"async\" class=\" wp-image-249 aligncenter\" src=\"http:\/\/www.sainte-therese-plouzane.fr\/wp-content\/uploads\/2017\/01\/DSC_0058-167x300.jpg\" alt=\"\" width=\"188\" height=\"338\" srcset=\"https:\/\/www.sainte-therese-plouzane.fr\/wp-content\/uploads\/2017\/01\/DSC_0058-167x300.jpg 167w, https:\/\/www.sainte-therese-plouzane.fr\/wp-content\/uploads\/2017\/01\/DSC_0058-768x1378.jpg 768w, https:\/\/www.sainte-therese-plouzane.fr\/wp-content\/uploads\/2017\/01\/DSC_0058-571x1024.jpg 571w\" sizes=\"auto, (max-width: 188px) 100vw, 188px\" \/> <img loading=\"lazy\" decoding=\"async\" class=\"size-medium wp-image-250 aligncenter\" src=\"http:\/\/www.sainte-therese-plouzane.fr\/wp-content\/uploads\/2017\/01\/DSC_0076-257x300.jpg\" alt=\"\" width=\"257\" height=\"300\" srcset=\"https:\/\/www.sainte-therese-plouzane.fr\/wp-content\/uploads\/2017\/01\/DSC_0076-257x300.jpg 257w, https:\/\/www.sainte-therese-plouzane.fr\/wp-content\/uploads\/2017\/01\/DSC_0076-768x896.jpg 768w, https:\/\/www.sainte-therese-plouzane.fr\/wp-content\/uploads\/2017\/01\/DSC_0076-878x1024.jpg 878w\" sizes=\"auto, (max-width: 257px) 100vw, 257px\" \/> <img loading=\"lazy\" decoding=\"async\" class=\" wp-image-251 aligncenter\" src=\"http:\/\/www.sainte-therese-plouzane.fr\/wp-content\/uploads\/2017\/01\/DSC_0088-198x300.jpg\" alt=\"\" width=\"213\" height=\"323\" srcset=\"https:\/\/www.sainte-therese-plouzane.fr\/wp-content\/uploads\/2017\/01\/DSC_0088-198x300.jpg 198w, https:\/\/www.sainte-therese-plouzane.fr\/wp-content\/uploads\/2017\/01\/DSC_0088-768x1165.jpg 768w, https:\/\/www.sainte-therese-plouzane.fr\/wp-content\/uploads\/2017\/01\/DSC_0088-675x1024.jpg 675w\" sizes=\"auto, (max-width: 213px) 100vw, 213px\" \/><\/p>\n","protected":false},"excerpt":{"rendered":"<p>Le mardi 13 d\u00e9cembre, les \u00e9l\u00e8ves de la maternelle au CM2 ont particip\u00e9 \u00e0 la journ\u00e9e sans cartable. Dans la matin\u00e9e, nous nous sommes rendus \u00e0 la chapelle pour la c\u00e9l\u00e9bration de l&#8217;Avent, en pr\u00e9sence de l&#8217;abb\u00e9 Jacques Durant. &nbsp; Puis l\u2019apr\u00e8s-midi, les \u00e9l\u00e8ves de CE2, CM1 et CM2 ont fait la lecture aux \u00e9l\u00e8ves <a class=\"more-link\" href=\"https:\/\/www.sainte-therese-plouzane.fr\/index.php\/2017\/01\/08\/237\/\">Lire plus &#8230;<\/a><\/p>\n","protected":false},"author":1,"featured_media":241,"comment_status":"closed","ping_status":"closed","sticky":false,"template":"","format":"standard","meta":{"footnotes":""},"categories":[9],"tags":[],"class_list":["post-237","post","type-post","status-publish","format-standard","has-post-thumbnail","hentry","category-cycle-3"],"_links":{"self":[{"href":"https:\/\/www.sainte-therese-plouzane.fr\/index.php\/wp-json\/wp\/v2\/posts\/237","targetHints":{"allow":["GET"]}}],"collection":[{"href":"https:\/\/www.sainte-therese-plouzane.fr\/index.php\/wp-json\/wp\/v2\/posts"}],"about":[{"href":"https:\/\/www.sainte-therese-plouzane.fr\/index.php\/wp-json\/wp\/v2\/types\/post"}],"author":[{"embeddable":true,"href":"https:\/\/www.sainte-therese-plouzane.fr\/index.php\/wp-json\/wp\/v2\/users\/1"}],"replies":[{"embeddable":true,"href":"https:\/\/www.sainte-therese-plouzane.fr\/index.php\/wp-json\/wp\/v2\/comments?post=237"}],"version-history":[{"count":4,"href":"https:\/\/www.sainte-therese-plouzane.fr\/index.php\/wp-json\/wp\/v2\/posts\/237\/revisions"}],"predecessor-version":[{"id":252,"href":"https:\/\/www.sainte-therese-plouzane.fr\/index.php\/wp-json\/wp\/v2\/posts\/237\/revisions\/252"}],"wp:featuredmedia":[{"embeddable":true,"href":"https:\/\/www.sainte-therese-plouzane.fr\/index.php\/wp-json\/wp\/v2\/media\/241"}],"wp:attachment":[{"href":"https:\/\/www.sainte-therese-plouzane.fr\/index.php\/wp-json\/wp\/v2\/media?parent=237"}],"wp:term":[{"taxonomy":"category","embeddable":true,"href":"https:\/\/www.sainte-therese-plouzane.fr\/index.php\/wp-json\/wp\/v2\/categories?post=237"},{"taxonomy":"post_tag","embeddable":true,"href":"https:\/\/www.sainte-therese-plouzane.fr\/index.php\/wp-json\/wp\/v2\/tags?post=237"}],"curies":[{"name":"wp","href":"https:\/\/api.w.org\/{rel}","templated":true}]}}