{"id":2227,"date":"2020-08-20T08:08:09","date_gmt":"2020-08-20T06:08:09","guid":{"rendered":"https:\/\/www.sainte-therese-plouzane.fr\/?p=2227"},"modified":"2020-08-20T08:08:09","modified_gmt":"2020-08-20T06:08:09","slug":"rentree-2020","status":"publish","type":"post","link":"https:\/\/www.sainte-therese-plouzane.fr\/index.php\/2020\/08\/20\/rentree-2020\/","title":{"rendered":"Rentr\u00e9e 2020"},"content":{"rendered":"\n<p>Nous vous donnons rendez-vous mardi 1er septembre : \u00e0 8h45 pour les \u00e9l\u00e8ves du CP au CM2 et \u00e0 9 h pour les \u00e9l\u00e8ves de maternelle.<\/p>\n\n\n\n<p>Les modalit\u00e9s d&#8217;accueil seront pr\u00e9cis\u00e9es dans les jours \u00e0 venir.<\/p>\n\n\n\n<p>Le port du masque sera obligatoire pour les adultes et les enfants de plus de 11 ans.<\/p>\n\n\n\n<figure class=\"wp-block-image size-large\"><img loading=\"lazy\" decoding=\"async\" width=\"381\" height=\"499\" src=\"https:\/\/www.sainte-therese-plouzane.fr\/wp-content\/uploads\/2020\/08\/Port-du-masque-Affiche.png\" alt=\"\" class=\"wp-image-2228\" srcset=\"https:\/\/www.sainte-therese-plouzane.fr\/wp-content\/uploads\/2020\/08\/Port-du-masque-Affiche.png 381w, https:\/\/www.sainte-therese-plouzane.fr\/wp-content\/uploads\/2020\/08\/Port-du-masque-Affiche-229x300.png 229w\" sizes=\"auto, (max-width: 381px) 100vw, 381px\" \/><\/figure>\n","protected":false},"excerpt":{"rendered":"<p>Nous vous donnons rendez-vous mardi 1er septembre : \u00e0 8h45 pour les \u00e9l\u00e8ves du CP au CM2 et \u00e0 9 h pour les \u00e9l\u00e8ves de maternelle. Les modalit\u00e9s d&#8217;accueil seront pr\u00e9cis\u00e9es dans les jours \u00e0 venir. Le port du masque sera obligatoire pour les adultes et les enfants de plus de 11 ans.<\/p>\n","protected":false},"author":1,"featured_media":2229,"comment_status":"closed","ping_status":"closed","sticky":false,"template":"","format":"standard","meta":{"footnotes":""},"categories":[7,8,9,6],"tags":[],"class_list":["post-2227","post","type-post","status-publish","format-standard","has-post-thumbnail","hentry","category-cycle-1","category-cycle-2","category-cycle-3","category-vie-scolaire"],"_links":{"self":[{"href":"https:\/\/www.sainte-therese-plouzane.fr\/index.php\/wp-json\/wp\/v2\/posts\/2227","targetHints":{"allow":["GET"]}}],"collection":[{"href":"https:\/\/www.sainte-therese-plouzane.fr\/index.php\/wp-json\/wp\/v2\/posts"}],"about":[{"href":"https:\/\/www.sainte-therese-plouzane.fr\/index.php\/wp-json\/wp\/v2\/types\/post"}],"author":[{"embeddable":true,"href":"https:\/\/www.sainte-therese-plouzane.fr\/index.php\/wp-json\/wp\/v2\/users\/1"}],"replies":[{"embeddable":true,"href":"https:\/\/www.sainte-therese-plouzane.fr\/index.php\/wp-json\/wp\/v2\/comments?post=2227"}],"version-history":[{"count":1,"href":"https:\/\/www.sainte-therese-plouzane.fr\/index.php\/wp-json\/wp\/v2\/posts\/2227\/revisions"}],"predecessor-version":[{"id":2230,"href":"https:\/\/www.sainte-therese-plouzane.fr\/index.php\/wp-json\/wp\/v2\/posts\/2227\/revisions\/2230"}],"wp:featuredmedia":[{"embeddable":true,"href":"https:\/\/www.sainte-therese-plouzane.fr\/index.php\/wp-json\/wp\/v2\/media\/2229"}],"wp:attachment":[{"href":"https:\/\/www.sainte-therese-plouzane.fr\/index.php\/wp-json\/wp\/v2\/media?parent=2227"}],"wp:term":[{"taxonomy":"category","embeddable":true,"href":"https:\/\/www.sainte-therese-plouzane.fr\/index.php\/wp-json\/wp\/v2\/categories?post=2227"},{"taxonomy":"post_tag","embeddable":true,"href":"https:\/\/www.sainte-therese-plouzane.fr\/index.php\/wp-json\/wp\/v2\/tags?post=2227"}],"curies":[{"name":"wp","href":"https:\/\/api.w.org\/{rel}","templated":true}]}}