{"id":2105,"date":"2020-04-11T09:11:57","date_gmt":"2020-04-11T07:11:57","guid":{"rendered":"https:\/\/www.sainte-therese-plouzane.fr\/?p=2105"},"modified":"2020-04-15T17:38:54","modified_gmt":"2020-04-15T15:38:54","slug":"fete-de-paques","status":"publish","type":"post","link":"https:\/\/www.sainte-therese-plouzane.fr\/index.php\/2020\/04\/11\/fete-de-paques\/","title":{"rendered":"F\u00eates de P\u00e2ques."},"content":{"rendered":"\n<p><strong>Nous vous souhaitons de belles f\u00eates de P\u00e2ques et de bonnes vacances.<\/strong><\/p>\n\n\n\n<p><\/p>\n\n\n\n<figure class=\"wp-block-image size-large\"><img loading=\"lazy\" decoding=\"async\" width=\"1024\" height=\"576\" src=\"https:\/\/www.sainte-therese-plouzane.fr\/wp-content\/uploads\/2020\/04\/32841903-30498383.jpg\" alt=\"\" class=\"wp-image-2106\" srcset=\"https:\/\/www.sainte-therese-plouzane.fr\/wp-content\/uploads\/2020\/04\/32841903-30498383.jpg 1024w, https:\/\/www.sainte-therese-plouzane.fr\/wp-content\/uploads\/2020\/04\/32841903-30498383-300x169.jpg 300w, https:\/\/www.sainte-therese-plouzane.fr\/wp-content\/uploads\/2020\/04\/32841903-30498383-768x432.jpg 768w, https:\/\/www.sainte-therese-plouzane.fr\/wp-content\/uploads\/2020\/04\/32841903-30498383-350x197.jpg 350w, https:\/\/www.sainte-therese-plouzane.fr\/wp-content\/uploads\/2020\/04\/32841903-30498383-860x484.jpg 860w\" sizes=\"auto, (max-width: 1024px) 100vw, 1024px\" \/><\/figure>\n\n\n\n<p> Ci-dessous un lien permettant d&#8217;acc\u00e9der au site du dioc\u00e8se de Quimper :<\/p>\n\n\n\n<p><a href=\"https:\/\/www.diocese-quimper.fr\/fr\/les-legs\/story\/6289\/une-holybox-pour-vivre-la-semaine-sainte-en-famille\">https:\/\/www.diocese-quimper.fr\/fr\/les-legs\/story\/6289\/une-holybox-pour-vivre-la-semaine-sainte-en-famille<\/a><\/p>\n\n\n\n<p><\/p>\n","protected":false},"excerpt":{"rendered":"<p>Nous vous souhaitons de belles f\u00eates de P\u00e2ques et de bonnes vacances. Ci-dessous un lien permettant d&#8217;acc\u00e9der au site du dioc\u00e8se de Quimper : https:\/\/www.diocese-quimper.fr\/fr\/les-legs\/story\/6289\/une-holybox-pour-vivre-la-semaine-sainte-en-famille<\/p>\n","protected":false},"author":1,"featured_media":2106,"comment_status":"closed","ping_status":"closed","sticky":false,"template":"","format":"standard","meta":{"footnotes":""},"categories":[7,8,9,6],"tags":[],"class_list":["post-2105","post","type-post","status-publish","format-standard","has-post-thumbnail","hentry","category-cycle-1","category-cycle-2","category-cycle-3","category-vie-scolaire"],"_links":{"self":[{"href":"https:\/\/www.sainte-therese-plouzane.fr\/index.php\/wp-json\/wp\/v2\/posts\/2105","targetHints":{"allow":["GET"]}}],"collection":[{"href":"https:\/\/www.sainte-therese-plouzane.fr\/index.php\/wp-json\/wp\/v2\/posts"}],"about":[{"href":"https:\/\/www.sainte-therese-plouzane.fr\/index.php\/wp-json\/wp\/v2\/types\/post"}],"author":[{"embeddable":true,"href":"https:\/\/www.sainte-therese-plouzane.fr\/index.php\/wp-json\/wp\/v2\/users\/1"}],"replies":[{"embeddable":true,"href":"https:\/\/www.sainte-therese-plouzane.fr\/index.php\/wp-json\/wp\/v2\/comments?post=2105"}],"version-history":[{"count":3,"href":"https:\/\/www.sainte-therese-plouzane.fr\/index.php\/wp-json\/wp\/v2\/posts\/2105\/revisions"}],"predecessor-version":[{"id":2109,"href":"https:\/\/www.sainte-therese-plouzane.fr\/index.php\/wp-json\/wp\/v2\/posts\/2105\/revisions\/2109"}],"wp:featuredmedia":[{"embeddable":true,"href":"https:\/\/www.sainte-therese-plouzane.fr\/index.php\/wp-json\/wp\/v2\/media\/2106"}],"wp:attachment":[{"href":"https:\/\/www.sainte-therese-plouzane.fr\/index.php\/wp-json\/wp\/v2\/media?parent=2105"}],"wp:term":[{"taxonomy":"category","embeddable":true,"href":"https:\/\/www.sainte-therese-plouzane.fr\/index.php\/wp-json\/wp\/v2\/categories?post=2105"},{"taxonomy":"post_tag","embeddable":true,"href":"https:\/\/www.sainte-therese-plouzane.fr\/index.php\/wp-json\/wp\/v2\/tags?post=2105"}],"curies":[{"name":"wp","href":"https:\/\/api.w.org\/{rel}","templated":true}]}}