{"id":1966,"date":"2020-03-14T18:23:41","date_gmt":"2020-03-14T17:23:41","guid":{"rendered":"http:\/\/www.sainte-therese-plouzane.fr\/?p=1966"},"modified":"2020-03-14T18:23:42","modified_gmt":"2020-03-14T17:23:42","slug":"ecole-fermee-a-partir-du-lundi-16-mars-accueil-des-enfants-des-personnels-soignants","status":"publish","type":"post","link":"https:\/\/www.sainte-therese-plouzane.fr\/index.php\/2020\/03\/14\/ecole-fermee-a-partir-du-lundi-16-mars-accueil-des-enfants-des-personnels-soignants\/","title":{"rendered":"Ecole FERMEE \u00e0 partir du lundi 16 mars. Accueil des enfants des personnels soignants."},"content":{"rendered":"\n<p>Chers parents, <\/p>\n\n\n\n<p>\n<strong>Ce message s\u2019adresse aux parents travaillant dans le secteur de la sant\u00e9.<\/strong><strong><\/strong><\/p>\n\n\n\n<p>\nLe gouvernement vient de diffuser les instructions suivantes : <\/p>\n\n\n\n<p>\n&#8221; D\u00e8s lundi, pour qu&#8217;aucun \npersonnel de sant\u00e9 ne soit entrav\u00e9 dans sa disponibilit\u00e9 au service de \nnotre syst\u00e8me de sant\u00e9, les enfants de ces personnels qui n\u2019auraient pas\n trouv\u00e9 d\u2019autres modes de garde seront accueillis\ndans leur \u00e9tablissement de scolarisation habituel.<\/p>\n\n\n\n<p>\nCet\n accueil sera assur\u00e9 par des enseignants et\/ou du personnel des \n\u00e9tablissements. Il est demand\u00e9 aux parents concern\u00e9s de pr\u00e9venir le chef\n d&#8217;\u00e9tablissement.<\/p>\n\n\n\n<p>\n<strong>Cet accueil se fait uniquement si aucun autre mode de garde n&#8217;est possible au sein de la famille<\/strong>.&#8221;<\/p>\n\n\n\n<p>\n<strong>Nous accueillerons donc les enfants concern\u00e9s de 8h \u00e0 18h.<\/strong><\/p>\n\n\n\n<p>\nLe service de cantine ne sera pas assur\u00e9 car notre prestataire a annul\u00e9 tous les repas. Il faudra donc pr\u00e9voir un <strong>pique-nique<\/strong>.<\/p>\n\n\n\n<p>\nLes personnels de sant\u00e9 concern\u00e9s par ce dispositif sont : <\/p>\n\n\n\n<p>\n&nbsp;&#8211; Tous les personnels travaillant en \u00e9tablissements de sant\u00e9 publics\/priv\u00e9s : h\u00f4pitaux, cliniques, SSR, HAD, centres de sant\u00e9 \u2026 <\/p>\n\n\n\n<p>\n&nbsp;&#8211;\n Tous les personnels travaillant en \u00e9tablissements m\u00e9dico-sociaux pour \npersonnes \u00e2g\u00e9es et personnes handicap\u00e9es : maisons de retraite, EHPAD, \nUSLD, foyers\nautonomie, IME, MAS, FAM, SSIAD \u2026 <\/p>\n\n\n\n<p>\n&nbsp;&#8211;\n Les professionnels de sant\u00e9 et m\u00e9dico-sociaux de ville : m\u00e9decins, \ninfirmiers, pharmaciens, sages-femmes, aides-soignants, transporteurs \nsanitaires,\nbiologistes, auxiliaires de vie pour personnes \u00e2g\u00e9es et handicap\u00e9es\u2026 <\/p>\n\n\n\n<p>\n&nbsp;&#8211;\n Les personnels charg\u00e9s de la gestion de l\u2019\u00e9pid\u00e9mie des agences \nr\u00e9gionales de sant\u00e9 (ARS) des pr\u00e9fectures et ceux affect\u00e9s \u00e0 l\u2019\u00e9quipe \nnationale de gestion\nde la crise. <\/p>\n\n\n\n<p>\nLes parents \nconcern\u00e9s justifieront de leur situation en pr\u00e9sentant leur carte \nprofessionnelle de sant\u00e9 (CPS) ou une fiche de paye avec mention de \nl\u2019\u00e9tablissement employeur ou une attestation de l\u2019ARS.<\/p>\n\n\n\n<p>\n<strong>Afin de lutter contre l\u2019expansion de l\u2019\u00e9pid\u00e9mie, les \u00e9l\u00e8ves seront accueillis en groupe de 10 au maximum.<\/strong><\/p>\n\n\n\n<p>\n<strong>&nbsp;Si cette situation vous concerne, je vous remercie de me faire un retour rapide afin d&#8217;organiser au mieux cet accueil.<\/strong><\/p>\n\n\n\n<p>\n<strong>Il faudra alors me pr\u00e9ciser : les noms, pr\u00e9noms, classe de vos enfants, ainsi que les jours et horaires de pr\u00e9sences.<\/strong><\/p>\n\n\n\n<p>\nJe vous remercie de votre compr\u00e9hension<\/p>\n\n\n\n<p> \u00a0\u00a0\u00a0\u00a0\u00a0\u00a0\u00a0\u00a0\u00a0\u00a0\u00a0\u00a0\u00a0\u00a0\u00a0\u00a0\u00a0\u00a0\u00a0\u00a0\u00a0\u00a0\u00a0\u00a0\u00a0\u00a0\u00a0\u00a0\u00a0\u00a0\u00a0\u00a0\u00a0\u00a0\u00a0\u00a0\u00a0\u00a0\u00a0\u00a0\u00a0\u00a0\u00a0\u00a0\u00a0\u00a0\u00a0\u00a0\u00a0\u00a0\u00a0\u00a0\u00a0\u00a0\u00a0\u00a0\u00a0\u00a0\u00a0\u00a0\u00a0\u00a0\u00a0\u00a0\u00a0\u00a0\u00a0\u00a0\u00a0\u00a0\u00a0\u00a0\u00a0\u00a0\u00a0\u00a0\u00a0\u00a0\u00a0\u00a0\u00a0\u00a0\u00a0\u00a0\u00a0\u00a0\u00a0\u00a0 Mme Le Guen Karine<\/p>\n","protected":false},"excerpt":{"rendered":"<p>Chers parents, Ce message s\u2019adresse aux parents travaillant dans le secteur de la sant\u00e9. Le gouvernement vient de diffuser les instructions suivantes : &#8221; D\u00e8s lundi, pour qu&#8217;aucun personnel de sant\u00e9 ne soit entrav\u00e9 dans sa disponibilit\u00e9 au service de notre syst\u00e8me de sant\u00e9, les enfants de ces personnels qui n\u2019auraient pas trouv\u00e9 d\u2019autres modes <a class=\"more-link\" href=\"https:\/\/www.sainte-therese-plouzane.fr\/index.php\/2020\/03\/14\/ecole-fermee-a-partir-du-lundi-16-mars-accueil-des-enfants-des-personnels-soignants\/\">Lire plus &#8230;<\/a><\/p>\n","protected":false},"author":1,"featured_media":1967,"comment_status":"closed","ping_status":"closed","sticky":false,"template":"","format":"standard","meta":{"footnotes":""},"categories":[7,8,9,6],"tags":[],"class_list":["post-1966","post","type-post","status-publish","format-standard","has-post-thumbnail","hentry","category-cycle-1","category-cycle-2","category-cycle-3","category-vie-scolaire"],"_links":{"self":[{"href":"https:\/\/www.sainte-therese-plouzane.fr\/index.php\/wp-json\/wp\/v2\/posts\/1966","targetHints":{"allow":["GET"]}}],"collection":[{"href":"https:\/\/www.sainte-therese-plouzane.fr\/index.php\/wp-json\/wp\/v2\/posts"}],"about":[{"href":"https:\/\/www.sainte-therese-plouzane.fr\/index.php\/wp-json\/wp\/v2\/types\/post"}],"author":[{"embeddable":true,"href":"https:\/\/www.sainte-therese-plouzane.fr\/index.php\/wp-json\/wp\/v2\/users\/1"}],"replies":[{"embeddable":true,"href":"https:\/\/www.sainte-therese-plouzane.fr\/index.php\/wp-json\/wp\/v2\/comments?post=1966"}],"version-history":[{"count":1,"href":"https:\/\/www.sainte-therese-plouzane.fr\/index.php\/wp-json\/wp\/v2\/posts\/1966\/revisions"}],"predecessor-version":[{"id":1968,"href":"https:\/\/www.sainte-therese-plouzane.fr\/index.php\/wp-json\/wp\/v2\/posts\/1966\/revisions\/1968"}],"wp:featuredmedia":[{"embeddable":true,"href":"https:\/\/www.sainte-therese-plouzane.fr\/index.php\/wp-json\/wp\/v2\/media\/1967"}],"wp:attachment":[{"href":"https:\/\/www.sainte-therese-plouzane.fr\/index.php\/wp-json\/wp\/v2\/media?parent=1966"}],"wp:term":[{"taxonomy":"category","embeddable":true,"href":"https:\/\/www.sainte-therese-plouzane.fr\/index.php\/wp-json\/wp\/v2\/categories?post=1966"},{"taxonomy":"post_tag","embeddable":true,"href":"https:\/\/www.sainte-therese-plouzane.fr\/index.php\/wp-json\/wp\/v2\/tags?post=1966"}],"curies":[{"name":"wp","href":"https:\/\/api.w.org\/{rel}","templated":true}]}}