{"id":1881,"date":"2020-02-05T10:41:42","date_gmt":"2020-02-05T09:41:42","guid":{"rendered":"http:\/\/www.sainte-therese-plouzane.fr\/?p=1881"},"modified":"2020-02-06T18:02:16","modified_gmt":"2020-02-06T17:02:16","slug":"vide-placard-dimanche-8-mars","status":"publish","type":"post","link":"https:\/\/www.sainte-therese-plouzane.fr\/index.php\/2020\/02\/05\/vide-placard-dimanche-8-mars\/","title":{"rendered":"VIDE PLACARD : dimanche 8 mars"},"content":{"rendered":"\n<p>Les b\u00e9n\u00e9voles de L&#8217;APEL Sainte Th\u00e9r\u00e8se organisent un vide placard le dimanche 8 mars de 9h \u00e0 13h.<\/p>\n\n\n\n<p>En lien avec la projet d&#8217;ann\u00e9e de l&#8217;\u00e9cole : le d\u00e9veloppement durable.<\/p>\n\n\n\n<p>Vous voulez donner une nouvelle vie \u00e0 vos v\u00eatements, objets, jouets&#8230;C&#8217;est l&#8217;occasion de le faire !<\/p>\n\n\n\n<p>N&#8217;h\u00e9sitez pas \u00e0 compl\u00e9ter le document ci-dessous (vos enfants l&#8217;ont \u00e9galement eu en classe). <\/p>\n\n\n\n<p><a href=\"http:\/\/www.sainte-therese-plouzane.fr\/wp-content\/uploads\/2020\/02\/FicheInscriptionVideGrenier-1.pdf\"><strong>Inscription vide placard<\/strong><\/a><\/p>\n\n\n\n<figure class=\"wp-block-image\"><img loading=\"lazy\" decoding=\"async\" width=\"415\" height=\"640\" src=\"http:\/\/www.sainte-therese-plouzane.fr\/wp-content\/uploads\/2020\/02\/Capture-d\u2019e\u0301cran-2020-02-03-a\u0300-20.33.51.png\" alt=\"\" class=\"wp-image-1884\" srcset=\"https:\/\/www.sainte-therese-plouzane.fr\/wp-content\/uploads\/2020\/02\/Capture-d\u2019e\u0301cran-2020-02-03-a\u0300-20.33.51.png 415w, https:\/\/www.sainte-therese-plouzane.fr\/wp-content\/uploads\/2020\/02\/Capture-d\u2019e\u0301cran-2020-02-03-a\u0300-20.33.51-195x300.png 195w\" sizes=\"auto, (max-width: 415px) 100vw, 415px\" \/><\/figure>\n\n\n\n<figure class=\"wp-block-embed\"><div class=\"wp-block-embed__wrapper\">\nhttp:\/\/www.sainte-therese-plouzane.fr\/wp-content\/uploads\/2020\/02\/FicheInscriptionVideGrenier-1.pdf\n<\/div><\/figure>\n","protected":false},"excerpt":{"rendered":"<p>Les b\u00e9n\u00e9voles de L&#8217;APEL Sainte Th\u00e9r\u00e8se organisent un vide placard le dimanche 8 mars de 9h \u00e0 13h. En lien avec la projet d&#8217;ann\u00e9e de l&#8217;\u00e9cole : le d\u00e9veloppement durable. Vous voulez donner une nouvelle vie \u00e0 vos v\u00eatements, objets, jouets&#8230;C&#8217;est l&#8217;occasion de le faire ! N&#8217;h\u00e9sitez pas \u00e0 compl\u00e9ter le document ci-dessous (vos enfants <a class=\"more-link\" href=\"https:\/\/www.sainte-therese-plouzane.fr\/index.php\/2020\/02\/05\/vide-placard-dimanche-8-mars\/\">Lire plus &#8230;<\/a><\/p>\n","protected":false},"author":1,"featured_media":1884,"comment_status":"closed","ping_status":"closed","sticky":false,"template":"","format":"standard","meta":{"footnotes":""},"categories":[5,3,7,8,9,6],"tags":[],"class_list":["post-1881","post","type-post","status-publish","format-standard","has-post-thumbnail","hentry","category-apel","category-associations","category-cycle-1","category-cycle-2","category-cycle-3","category-vie-scolaire"],"_links":{"self":[{"href":"https:\/\/www.sainte-therese-plouzane.fr\/index.php\/wp-json\/wp\/v2\/posts\/1881","targetHints":{"allow":["GET"]}}],"collection":[{"href":"https:\/\/www.sainte-therese-plouzane.fr\/index.php\/wp-json\/wp\/v2\/posts"}],"about":[{"href":"https:\/\/www.sainte-therese-plouzane.fr\/index.php\/wp-json\/wp\/v2\/types\/post"}],"author":[{"embeddable":true,"href":"https:\/\/www.sainte-therese-plouzane.fr\/index.php\/wp-json\/wp\/v2\/users\/1"}],"replies":[{"embeddable":true,"href":"https:\/\/www.sainte-therese-plouzane.fr\/index.php\/wp-json\/wp\/v2\/comments?post=1881"}],"version-history":[{"count":3,"href":"https:\/\/www.sainte-therese-plouzane.fr\/index.php\/wp-json\/wp\/v2\/posts\/1881\/revisions"}],"predecessor-version":[{"id":1891,"href":"https:\/\/www.sainte-therese-plouzane.fr\/index.php\/wp-json\/wp\/v2\/posts\/1881\/revisions\/1891"}],"wp:featuredmedia":[{"embeddable":true,"href":"https:\/\/www.sainte-therese-plouzane.fr\/index.php\/wp-json\/wp\/v2\/media\/1884"}],"wp:attachment":[{"href":"https:\/\/www.sainte-therese-plouzane.fr\/index.php\/wp-json\/wp\/v2\/media?parent=1881"}],"wp:term":[{"taxonomy":"category","embeddable":true,"href":"https:\/\/www.sainte-therese-plouzane.fr\/index.php\/wp-json\/wp\/v2\/categories?post=1881"},{"taxonomy":"post_tag","embeddable":true,"href":"https:\/\/www.sainte-therese-plouzane.fr\/index.php\/wp-json\/wp\/v2\/tags?post=1881"}],"curies":[{"name":"wp","href":"https:\/\/api.w.org\/{rel}","templated":true}]}}