{"id":1731,"date":"2019-12-04T14:40:28","date_gmt":"2019-12-04T13:40:28","guid":{"rendered":"http:\/\/www.sainte-therese-plouzane.fr\/?p=1731"},"modified":"2019-12-04T14:40:28","modified_gmt":"2019-12-04T13:40:28","slug":"celebration-de-lavent","status":"publish","type":"post","link":"https:\/\/www.sainte-therese-plouzane.fr\/index.php\/2019\/12\/04\/celebration-de-lavent\/","title":{"rendered":"C\u00e9l\u00e9bration de l&#8217;Avent"},"content":{"rendered":"\n<p>Mardi 17 d\u00e9cembre aura lieu la c\u00e9l\u00e9bration de l&#8217;Avent, \u00e0 la chapelle de la Trinit\u00e9.<\/p>\n\n\n\n<p>Cette c\u00e9l\u00e9bration se d\u00e9roulera en deux temps  : \u00e0 partir de 10 h, c\u00e9l\u00e9bration des \u00e9l\u00e8ves de maternelle; \u00e0 partir de 10h45, c\u00e9l\u00e9bration des \u00e9l\u00e8ves d&#8217;\u00e9l\u00e9mentaire.<\/p>\n","protected":false},"excerpt":{"rendered":"<p>Mardi 17 d\u00e9cembre aura lieu la c\u00e9l\u00e9bration de l&#8217;Avent, \u00e0 la chapelle de la Trinit\u00e9. Cette c\u00e9l\u00e9bration se d\u00e9roulera en deux temps : \u00e0 partir de 10 h, c\u00e9l\u00e9bration des \u00e9l\u00e8ves de maternelle; \u00e0 partir de 10h45, c\u00e9l\u00e9bration des \u00e9l\u00e8ves d&#8217;\u00e9l\u00e9mentaire.<\/p>\n","protected":false},"author":1,"featured_media":1728,"comment_status":"closed","ping_status":"closed","sticky":false,"template":"","format":"standard","meta":{"footnotes":""},"categories":[7,8,9,6],"tags":[],"class_list":["post-1731","post","type-post","status-publish","format-standard","has-post-thumbnail","hentry","category-cycle-1","category-cycle-2","category-cycle-3","category-vie-scolaire"],"_links":{"self":[{"href":"https:\/\/www.sainte-therese-plouzane.fr\/index.php\/wp-json\/wp\/v2\/posts\/1731","targetHints":{"allow":["GET"]}}],"collection":[{"href":"https:\/\/www.sainte-therese-plouzane.fr\/index.php\/wp-json\/wp\/v2\/posts"}],"about":[{"href":"https:\/\/www.sainte-therese-plouzane.fr\/index.php\/wp-json\/wp\/v2\/types\/post"}],"author":[{"embeddable":true,"href":"https:\/\/www.sainte-therese-plouzane.fr\/index.php\/wp-json\/wp\/v2\/users\/1"}],"replies":[{"embeddable":true,"href":"https:\/\/www.sainte-therese-plouzane.fr\/index.php\/wp-json\/wp\/v2\/comments?post=1731"}],"version-history":[{"count":1,"href":"https:\/\/www.sainte-therese-plouzane.fr\/index.php\/wp-json\/wp\/v2\/posts\/1731\/revisions"}],"predecessor-version":[{"id":1732,"href":"https:\/\/www.sainte-therese-plouzane.fr\/index.php\/wp-json\/wp\/v2\/posts\/1731\/revisions\/1732"}],"wp:featuredmedia":[{"embeddable":true,"href":"https:\/\/www.sainte-therese-plouzane.fr\/index.php\/wp-json\/wp\/v2\/media\/1728"}],"wp:attachment":[{"href":"https:\/\/www.sainte-therese-plouzane.fr\/index.php\/wp-json\/wp\/v2\/media?parent=1731"}],"wp:term":[{"taxonomy":"category","embeddable":true,"href":"https:\/\/www.sainte-therese-plouzane.fr\/index.php\/wp-json\/wp\/v2\/categories?post=1731"},{"taxonomy":"post_tag","embeddable":true,"href":"https:\/\/www.sainte-therese-plouzane.fr\/index.php\/wp-json\/wp\/v2\/tags?post=1731"}],"curies":[{"name":"wp","href":"https:\/\/api.w.org\/{rel}","templated":true}]}}