{"id":1255,"date":"2018-12-05T10:35:17","date_gmt":"2018-12-05T09:35:17","guid":{"rendered":"http:\/\/www.sainte-therese-plouzane.fr\/?p=1255"},"modified":"2018-12-05T10:36:00","modified_gmt":"2018-12-05T09:36:00","slug":"les-eleves-de-maternelle-au-cinema","status":"publish","type":"post","link":"https:\/\/www.sainte-therese-plouzane.fr\/index.php\/2018\/12\/05\/les-eleves-de-maternelle-au-cinema\/","title":{"rendered":"Les \u00e9l\u00e8ves de maternelle au cin\u00e9ma"},"content":{"rendered":"<p style=\"margin-bottom: 3.7pt; line-height: 18.7pt;\"><span style=\"font-family: 'Arial','sans-serif'; color: #666666;\">Dans le cadre du projet de l&#8217;ann\u00e9e sur le monde du spectacle, l&#8217;ensemble des \u00e9l\u00e8ves de l\u2019\u00e9cole Ste Th\u00e9r\u00e8se participe, pour la premi\u00e8re fois, au programme Ecole et cin\u00e9ma . Ce mardi matin, ce sont les maternelles qui se sont rendus au Trez-Hir au cin\u00e9ma des allum\u00e9 de la grande toile, pour assister \u00e0 leur premi\u00e8re s\u00e9ance de l\u2019ann\u00e9e. Ils ont regard\u00e9 sur le grand \u00e9cran \u00ab\u00a0Komaneko*, le petit chat curieux\u00a0\u00bb, une suite de cinq petits films qui racontent l\u2019histoire de Koma, une petite chatte qui veut faire du cin\u00e9ma. Dans la charmante maison de Grand-papa, la vie s\u2019\u00e9coule paisiblement au rythme des saisons. Elle ne manque ni d\u2019id\u00e9es ni d\u2019amis pour occuper ses journ\u00e9es. Elle d\u00e9cide, un jour ensoleill\u00e9, de r\u00e9aliser son propre film. Elle imagine le story-board, fabrique les marionnettes,\u00a0etc. Notre jeune public a appr\u00e9ci\u00e9.<\/span><\/p>\n<p style=\"margin-bottom: 3.7pt; line-height: 18.7pt;\"><span style=\"font-family: 'Arial','sans-serif'; color: #666666;\">*du japonais, \u00ab\u00a0le chat qui prend des images\u00a0\u00bb<\/span><\/p>\n<p>&nbsp;<\/p>\n<p><img loading=\"lazy\" decoding=\"async\" class=\"alignnone size-large wp-image-1256\" src=\"http:\/\/www.sainte-therese-plouzane.fr\/wp-content\/uploads\/2018\/12\/DSC_1896-1-1024x576.jpg\" alt=\"\" width=\"780\" height=\"439\" srcset=\"https:\/\/www.sainte-therese-plouzane.fr\/wp-content\/uploads\/2018\/12\/DSC_1896-1-1024x576.jpg 1024w, https:\/\/www.sainte-therese-plouzane.fr\/wp-content\/uploads\/2018\/12\/DSC_1896-1-300x169.jpg 300w, https:\/\/www.sainte-therese-plouzane.fr\/wp-content\/uploads\/2018\/12\/DSC_1896-1-768x432.jpg 768w, https:\/\/www.sainte-therese-plouzane.fr\/wp-content\/uploads\/2018\/12\/DSC_1896-1-350x197.jpg 350w, https:\/\/www.sainte-therese-plouzane.fr\/wp-content\/uploads\/2018\/12\/DSC_1896-1-860x484.jpg 860w\" sizes=\"auto, (max-width: 780px) 100vw, 780px\" \/><\/p>\n","protected":false},"excerpt":{"rendered":"<p>Dans le cadre du projet de l&#8217;ann\u00e9e sur le monde du spectacle, l&#8217;ensemble des \u00e9l\u00e8ves de l\u2019\u00e9cole Ste Th\u00e9r\u00e8se participe, pour la premi\u00e8re fois, au programme Ecole et cin\u00e9ma . Ce mardi matin, ce sont les maternelles qui se sont rendus au Trez-Hir au cin\u00e9ma des allum\u00e9 de la grande toile, pour assister \u00e0 leur <a class=\"more-link\" href=\"https:\/\/www.sainte-therese-plouzane.fr\/index.php\/2018\/12\/05\/les-eleves-de-maternelle-au-cinema\/\">Lire plus &#8230;<\/a><\/p>\n","protected":false},"author":1,"featured_media":1256,"comment_status":"closed","ping_status":"closed","sticky":false,"template":"","format":"standard","meta":{"footnotes":""},"categories":[7,1,6],"tags":[],"class_list":["post-1255","post","type-post","status-publish","format-standard","has-post-thumbnail","hentry","category-cycle-1","category-non-classe","category-vie-scolaire"],"_links":{"self":[{"href":"https:\/\/www.sainte-therese-plouzane.fr\/index.php\/wp-json\/wp\/v2\/posts\/1255","targetHints":{"allow":["GET"]}}],"collection":[{"href":"https:\/\/www.sainte-therese-plouzane.fr\/index.php\/wp-json\/wp\/v2\/posts"}],"about":[{"href":"https:\/\/www.sainte-therese-plouzane.fr\/index.php\/wp-json\/wp\/v2\/types\/post"}],"author":[{"embeddable":true,"href":"https:\/\/www.sainte-therese-plouzane.fr\/index.php\/wp-json\/wp\/v2\/users\/1"}],"replies":[{"embeddable":true,"href":"https:\/\/www.sainte-therese-plouzane.fr\/index.php\/wp-json\/wp\/v2\/comments?post=1255"}],"version-history":[{"count":1,"href":"https:\/\/www.sainte-therese-plouzane.fr\/index.php\/wp-json\/wp\/v2\/posts\/1255\/revisions"}],"predecessor-version":[{"id":1257,"href":"https:\/\/www.sainte-therese-plouzane.fr\/index.php\/wp-json\/wp\/v2\/posts\/1255\/revisions\/1257"}],"wp:featuredmedia":[{"embeddable":true,"href":"https:\/\/www.sainte-therese-plouzane.fr\/index.php\/wp-json\/wp\/v2\/media\/1256"}],"wp:attachment":[{"href":"https:\/\/www.sainte-therese-plouzane.fr\/index.php\/wp-json\/wp\/v2\/media?parent=1255"}],"wp:term":[{"taxonomy":"category","embeddable":true,"href":"https:\/\/www.sainte-therese-plouzane.fr\/index.php\/wp-json\/wp\/v2\/categories?post=1255"},{"taxonomy":"post_tag","embeddable":true,"href":"https:\/\/www.sainte-therese-plouzane.fr\/index.php\/wp-json\/wp\/v2\/tags?post=1255"}],"curies":[{"name":"wp","href":"https:\/\/api.w.org\/{rel}","templated":true}]}}