{"id":1246,"date":"2018-12-02T09:04:44","date_gmt":"2018-12-02T08:04:44","guid":{"rendered":"http:\/\/www.sainte-therese-plouzane.fr\/?p=1246"},"modified":"2018-12-02T09:04:44","modified_gmt":"2018-12-02T08:04:44","slug":"les-eleves-de-cp-au-festival-du-conte","status":"publish","type":"post","link":"https:\/\/www.sainte-therese-plouzane.fr\/index.php\/2018\/12\/02\/les-eleves-de-cp-au-festival-du-conte\/","title":{"rendered":"Les \u00e9l\u00e8ves de CP au festival du conte"},"content":{"rendered":"<p>Le lundi 26 novembre, les \u00e9l\u00e8ves de CP se sont rendus en bus au festival du conte\u00a0 &#8221; Grande Mar\u00e9e &#8221; au centre culturel de Plouzan\u00e9.<\/p>\n<p>Ils ont \u00e9cout\u00e9 le conte\u00a0 &#8221; Hassan et la fille du roi &#8221; racont\u00e9 par Chirine El Ansary.<\/p>\n<p>L&#8217;histoire se passe en Egypte. Hassan est le fils d&#8217;un marchand pauvre qui habite pr\u00e8s des pyramides. Il lui arrive des aventures invraisemblables sur son tapis magique. Il d\u00e9couvre des palmiers aux fruits extraordinaires, une princesse au caract\u00e8re difficile&#8230;<\/p>\n<p>Tous les \u00e9l\u00e8ves ont \u00e9t\u00e9 captiv\u00e9s par ce conte !<\/p>\n<p>&nbsp;<\/p>\n<p><img loading=\"lazy\" decoding=\"async\" class=\"alignnone size-large wp-image-1247\" src=\"http:\/\/www.sainte-therese-plouzane.fr\/wp-content\/uploads\/2018\/12\/P1100036-1024x768.jpg\" alt=\"\" width=\"780\" height=\"585\" srcset=\"https:\/\/www.sainte-therese-plouzane.fr\/wp-content\/uploads\/2018\/12\/P1100036-1024x768.jpg 1024w, https:\/\/www.sainte-therese-plouzane.fr\/wp-content\/uploads\/2018\/12\/P1100036-300x225.jpg 300w, https:\/\/www.sainte-therese-plouzane.fr\/wp-content\/uploads\/2018\/12\/P1100036-768x576.jpg 768w\" sizes=\"auto, (max-width: 780px) 100vw, 780px\" \/> <img loading=\"lazy\" decoding=\"async\" class=\"alignnone size-medium wp-image-1248\" src=\"http:\/\/www.sainte-therese-plouzane.fr\/wp-content\/uploads\/2018\/12\/P1100040-300x225.jpg\" alt=\"\" width=\"300\" height=\"225\" srcset=\"https:\/\/www.sainte-therese-plouzane.fr\/wp-content\/uploads\/2018\/12\/P1100040-300x225.jpg 300w, https:\/\/www.sainte-therese-plouzane.fr\/wp-content\/uploads\/2018\/12\/P1100040-768x576.jpg 768w, https:\/\/www.sainte-therese-plouzane.fr\/wp-content\/uploads\/2018\/12\/P1100040-1024x768.jpg 1024w\" sizes=\"auto, (max-width: 300px) 100vw, 300px\" \/> <img loading=\"lazy\" decoding=\"async\" class=\"alignnone size-medium wp-image-1249\" src=\"http:\/\/www.sainte-therese-plouzane.fr\/wp-content\/uploads\/2018\/12\/P1100043-300x225.jpg\" alt=\"\" width=\"300\" height=\"225\" srcset=\"https:\/\/www.sainte-therese-plouzane.fr\/wp-content\/uploads\/2018\/12\/P1100043-300x225.jpg 300w, https:\/\/www.sainte-therese-plouzane.fr\/wp-content\/uploads\/2018\/12\/P1100043-768x576.jpg 768w, https:\/\/www.sainte-therese-plouzane.fr\/wp-content\/uploads\/2018\/12\/P1100043-1024x768.jpg 1024w\" sizes=\"auto, (max-width: 300px) 100vw, 300px\" \/> <img loading=\"lazy\" decoding=\"async\" class=\"alignnone size-medium wp-image-1250\" src=\"http:\/\/www.sainte-therese-plouzane.fr\/wp-content\/uploads\/2018\/12\/P1100047-300x225.jpg\" alt=\"\" width=\"300\" height=\"225\" srcset=\"https:\/\/www.sainte-therese-plouzane.fr\/wp-content\/uploads\/2018\/12\/P1100047-300x225.jpg 300w, https:\/\/www.sainte-therese-plouzane.fr\/wp-content\/uploads\/2018\/12\/P1100047-768x576.jpg 768w, https:\/\/www.sainte-therese-plouzane.fr\/wp-content\/uploads\/2018\/12\/P1100047-1024x768.jpg 1024w\" sizes=\"auto, (max-width: 300px) 100vw, 300px\" \/><\/p>\n","protected":false},"excerpt":{"rendered":"<p>Le lundi 26 novembre, les \u00e9l\u00e8ves de CP se sont rendus en bus au festival du conte\u00a0 &#8221; Grande Mar\u00e9e &#8221; au centre culturel de Plouzan\u00e9. Ils ont \u00e9cout\u00e9 le conte\u00a0 &#8221; Hassan et la fille du roi &#8221; racont\u00e9 par Chirine El Ansary. L&#8217;histoire se passe en Egypte. Hassan est le fils d&#8217;un marchand <a class=\"more-link\" href=\"https:\/\/www.sainte-therese-plouzane.fr\/index.php\/2018\/12\/02\/les-eleves-de-cp-au-festival-du-conte\/\">Lire plus &#8230;<\/a><\/p>\n","protected":false},"author":1,"featured_media":1250,"comment_status":"closed","ping_status":"closed","sticky":false,"template":"","format":"standard","meta":{"footnotes":""},"categories":[8,6],"tags":[],"class_list":["post-1246","post","type-post","status-publish","format-standard","has-post-thumbnail","hentry","category-cycle-2","category-vie-scolaire"],"_links":{"self":[{"href":"https:\/\/www.sainte-therese-plouzane.fr\/index.php\/wp-json\/wp\/v2\/posts\/1246","targetHints":{"allow":["GET"]}}],"collection":[{"href":"https:\/\/www.sainte-therese-plouzane.fr\/index.php\/wp-json\/wp\/v2\/posts"}],"about":[{"href":"https:\/\/www.sainte-therese-plouzane.fr\/index.php\/wp-json\/wp\/v2\/types\/post"}],"author":[{"embeddable":true,"href":"https:\/\/www.sainte-therese-plouzane.fr\/index.php\/wp-json\/wp\/v2\/users\/1"}],"replies":[{"embeddable":true,"href":"https:\/\/www.sainte-therese-plouzane.fr\/index.php\/wp-json\/wp\/v2\/comments?post=1246"}],"version-history":[{"count":1,"href":"https:\/\/www.sainte-therese-plouzane.fr\/index.php\/wp-json\/wp\/v2\/posts\/1246\/revisions"}],"predecessor-version":[{"id":1251,"href":"https:\/\/www.sainte-therese-plouzane.fr\/index.php\/wp-json\/wp\/v2\/posts\/1246\/revisions\/1251"}],"wp:featuredmedia":[{"embeddable":true,"href":"https:\/\/www.sainte-therese-plouzane.fr\/index.php\/wp-json\/wp\/v2\/media\/1250"}],"wp:attachment":[{"href":"https:\/\/www.sainte-therese-plouzane.fr\/index.php\/wp-json\/wp\/v2\/media?parent=1246"}],"wp:term":[{"taxonomy":"category","embeddable":true,"href":"https:\/\/www.sainte-therese-plouzane.fr\/index.php\/wp-json\/wp\/v2\/categories?post=1246"},{"taxonomy":"post_tag","embeddable":true,"href":"https:\/\/www.sainte-therese-plouzane.fr\/index.php\/wp-json\/wp\/v2\/tags?post=1246"}],"curies":[{"name":"wp","href":"https:\/\/api.w.org\/{rel}","templated":true}]}}