{"id":1231,"date":"2018-11-18T10:31:58","date_gmt":"2018-11-18T09:31:58","guid":{"rendered":"http:\/\/www.sainte-therese-plouzane.fr\/?p=1231"},"modified":"2018-11-18T10:31:58","modified_gmt":"2018-11-18T09:31:58","slug":"commemoration-de-larmistice-du-11-novembre-1918","status":"publish","type":"post","link":"https:\/\/www.sainte-therese-plouzane.fr\/index.php\/2018\/11\/18\/commemoration-de-larmistice-du-11-novembre-1918\/","title":{"rendered":"Comm\u00e9moration de l&#8217;Armistice du 11 novembre 1918."},"content":{"rendered":"<h4>1918-2018 : une comm\u00e9moration poignante en souvenir de l&#8217;armistice<\/h4>\n<p>La traditionnelle c\u00e9r\u00e9monie du 11 novembre a, cette ann\u00e9e, rev\u00eatu une allure particuli\u00e8re \u00e0 Plouzan\u00e9. Des Plouzan\u00e9ens de tous \u00e2ges sont venus nombreux c\u00e9l\u00e9brer le centenaire de l&#8217;armistice.<\/p>\n<p>Organis\u00e9e conjointement par la municipalit\u00e9 et la Fnaca (La F\u00e9d\u00e9ration nationale des anciens combattants en Alg\u00e9rie, Maroc et Tunisie), cette c\u00e9r\u00e9monie a permis \u00e0 plusieurs g\u00e9n\u00e9rations de se souvenir des hommes, souvent tr\u00e8s jeunes, partis combattre lors de la Grande Guerre. En effet, des \u00e9coliers et des coll\u00e9giens de Plouzan\u00e9 ont pris part \u00e0 la comm\u00e9moration.<\/p>\n<p>Apr\u00e8s l&#8217;envol\u00e9e des cloches de l&#8217;\u00e9glise, des enfants de la commune ont lu l&#8217;appel aux Morts avant que ne soient prononc\u00e9s les discours du Pr\u00e9sident de la R\u00e9publique et de l\u2019Onac (Office national des anciens combattants et victimes de guerre). Des \u00e9l\u00e8ves des \u00e9coles primaires, pr\u00e8s d&#8217;une centaine au total, ont ensuite entonn\u00e9 la Marseillaise, donnant \u00e0 la c\u00e9r\u00e9monie une intensit\u00e9 particuli\u00e8re.<\/p>\n<div>A l&#8217;issue de ce moment de recueillement, la foule a pu se r\u00e9unir dans la salle municipale du Bourg et partager un moment convivial en \u00e9coutant la lecture de lettres de Poilus par des coll\u00e9giens de\u00a0Victoire Daubi\u00e9 et de Kerallan.<\/div>\n<div><\/div>\n<div>Le partenariat entre les 6 \u00e9coles primaires et\u00a0 l&#8217;\u00e9cole de musique pour apprendre la marseillaise aux enfants et l&#8217;investissement des coll\u00e9giens et de leurs professeurs d&#8217;histoire g\u00e9ographie et de fran\u00e7ais pour la lecture de lettre de Poilus ont donc permis de faire de cette comm\u00e9moration un moment fort et vivant.<\/div>\n<div><\/div>\n<div>M. Poullaouec (pr\u00e9sident de la FNACA) puis de M. Le Maire ont enfin pris la parole et ont salu\u00e9 le nombre de personnes venues assister cette comm\u00e9moration du centenaire.<\/div>\n<div><\/div>\n<div><span style=\"color: #0000ff;\">(Article extrait du site de la Mairie de Plouzan\u00e9)<\/span><\/div>\n<div><\/div>\n<div><\/div>\n<div><img loading=\"lazy\" decoding=\"async\" class=\"alignnone size-medium wp-image-1232\" src=\"http:\/\/www.sainte-therese-plouzane.fr\/wp-content\/uploads\/2018\/11\/2018-11-11-ceremonie-300x122.jpg\" alt=\"\" width=\"300\" height=\"122\" srcset=\"https:\/\/www.sainte-therese-plouzane.fr\/wp-content\/uploads\/2018\/11\/2018-11-11-ceremonie-300x122.jpg 300w, https:\/\/www.sainte-therese-plouzane.fr\/wp-content\/uploads\/2018\/11\/2018-11-11-ceremonie-768x314.jpg 768w, https:\/\/www.sainte-therese-plouzane.fr\/wp-content\/uploads\/2018\/11\/2018-11-11-ceremonie-1024x418.jpg 1024w, https:\/\/www.sainte-therese-plouzane.fr\/wp-content\/uploads\/2018\/11\/2018-11-11-ceremonie.jpg 1673w\" sizes=\"auto, (max-width: 300px) 100vw, 300px\" \/> <img loading=\"lazy\" decoding=\"async\" class=\"alignnone size-medium wp-image-1233\" src=\"http:\/\/www.sainte-therese-plouzane.fr\/wp-content\/uploads\/2018\/11\/2018-11-11-ceremonie3-300x222.jpg\" alt=\"\" width=\"300\" height=\"222\" srcset=\"https:\/\/www.sainte-therese-plouzane.fr\/wp-content\/uploads\/2018\/11\/2018-11-11-ceremonie3-300x222.jpg 300w, https:\/\/www.sainte-therese-plouzane.fr\/wp-content\/uploads\/2018\/11\/2018-11-11-ceremonie3-768x570.jpg 768w, https:\/\/www.sainte-therese-plouzane.fr\/wp-content\/uploads\/2018\/11\/2018-11-11-ceremonie3-1024x759.jpg 1024w, https:\/\/www.sainte-therese-plouzane.fr\/wp-content\/uploads\/2018\/11\/2018-11-11-ceremonie3.jpg 1219w\" sizes=\"auto, (max-width: 300px) 100vw, 300px\" \/> <img loading=\"lazy\" decoding=\"async\" class=\"alignnone size-medium wp-image-1234\" src=\"http:\/\/www.sainte-therese-plouzane.fr\/wp-content\/uploads\/2018\/11\/2018-11-11-ceremonie6-300x144.jpg\" alt=\"\" width=\"300\" height=\"144\" srcset=\"https:\/\/www.sainte-therese-plouzane.fr\/wp-content\/uploads\/2018\/11\/2018-11-11-ceremonie6-300x144.jpg 300w, https:\/\/www.sainte-therese-plouzane.fr\/wp-content\/uploads\/2018\/11\/2018-11-11-ceremonie6-768x368.jpg 768w, https:\/\/www.sainte-therese-plouzane.fr\/wp-content\/uploads\/2018\/11\/2018-11-11-ceremonie6-1024x491.jpg 1024w, https:\/\/www.sainte-therese-plouzane.fr\/wp-content\/uploads\/2018\/11\/2018-11-11-ceremonie6.jpg 1714w\" sizes=\"auto, (max-width: 300px) 100vw, 300px\" \/> <img loading=\"lazy\" decoding=\"async\" class=\"alignnone size-medium wp-image-1235\" src=\"http:\/\/www.sainte-therese-plouzane.fr\/wp-content\/uploads\/2018\/11\/2018-11-11-ceremonie8-300x192.jpg\" alt=\"\" width=\"300\" height=\"192\" srcset=\"https:\/\/www.sainte-therese-plouzane.fr\/wp-content\/uploads\/2018\/11\/2018-11-11-ceremonie8-300x192.jpg 300w, https:\/\/www.sainte-therese-plouzane.fr\/wp-content\/uploads\/2018\/11\/2018-11-11-ceremonie8-768x492.jpg 768w, https:\/\/www.sainte-therese-plouzane.fr\/wp-content\/uploads\/2018\/11\/2018-11-11-ceremonie8-1024x656.jpg 1024w, https:\/\/www.sainte-therese-plouzane.fr\/wp-content\/uploads\/2018\/11\/2018-11-11-ceremonie8.jpg 1317w\" sizes=\"auto, (max-width: 300px) 100vw, 300px\" \/> <img loading=\"lazy\" decoding=\"async\" class=\"alignnone size-medium wp-image-1236\" src=\"http:\/\/www.sainte-therese-plouzane.fr\/wp-content\/uploads\/2018\/11\/2018-11-11-ceremonie11-300x144.jpg\" alt=\"\" width=\"300\" height=\"144\" srcset=\"https:\/\/www.sainte-therese-plouzane.fr\/wp-content\/uploads\/2018\/11\/2018-11-11-ceremonie11-300x144.jpg 300w, https:\/\/www.sainte-therese-plouzane.fr\/wp-content\/uploads\/2018\/11\/2018-11-11-ceremonie11-768x369.jpg 768w, https:\/\/www.sainte-therese-plouzane.fr\/wp-content\/uploads\/2018\/11\/2018-11-11-ceremonie11-1024x493.jpg 1024w, https:\/\/www.sainte-therese-plouzane.fr\/wp-content\/uploads\/2018\/11\/2018-11-11-ceremonie11.jpg 1800w\" sizes=\"auto, (max-width: 300px) 100vw, 300px\" \/><\/div>\n","protected":false},"excerpt":{"rendered":"<p>1918-2018 : une comm\u00e9moration poignante en souvenir de l&#8217;armistice La traditionnelle c\u00e9r\u00e9monie du 11 novembre a, cette ann\u00e9e, rev\u00eatu une allure particuli\u00e8re \u00e0 Plouzan\u00e9. Des Plouzan\u00e9ens de tous \u00e2ges sont venus nombreux c\u00e9l\u00e9brer le centenaire de l&#8217;armistice. Organis\u00e9e conjointement par la municipalit\u00e9 et la Fnaca (La F\u00e9d\u00e9ration nationale des anciens combattants en Alg\u00e9rie, Maroc et <a class=\"more-link\" href=\"https:\/\/www.sainte-therese-plouzane.fr\/index.php\/2018\/11\/18\/commemoration-de-larmistice-du-11-novembre-1918\/\">Lire plus &#8230;<\/a><\/p>\n","protected":false},"author":1,"featured_media":1235,"comment_status":"closed","ping_status":"closed","sticky":false,"template":"","format":"standard","meta":{"footnotes":""},"categories":[7,8,9,6],"tags":[],"class_list":["post-1231","post","type-post","status-publish","format-standard","has-post-thumbnail","hentry","category-cycle-1","category-cycle-2","category-cycle-3","category-vie-scolaire"],"_links":{"self":[{"href":"https:\/\/www.sainte-therese-plouzane.fr\/index.php\/wp-json\/wp\/v2\/posts\/1231","targetHints":{"allow":["GET"]}}],"collection":[{"href":"https:\/\/www.sainte-therese-plouzane.fr\/index.php\/wp-json\/wp\/v2\/posts"}],"about":[{"href":"https:\/\/www.sainte-therese-plouzane.fr\/index.php\/wp-json\/wp\/v2\/types\/post"}],"author":[{"embeddable":true,"href":"https:\/\/www.sainte-therese-plouzane.fr\/index.php\/wp-json\/wp\/v2\/users\/1"}],"replies":[{"embeddable":true,"href":"https:\/\/www.sainte-therese-plouzane.fr\/index.php\/wp-json\/wp\/v2\/comments?post=1231"}],"version-history":[{"count":1,"href":"https:\/\/www.sainte-therese-plouzane.fr\/index.php\/wp-json\/wp\/v2\/posts\/1231\/revisions"}],"predecessor-version":[{"id":1238,"href":"https:\/\/www.sainte-therese-plouzane.fr\/index.php\/wp-json\/wp\/v2\/posts\/1231\/revisions\/1238"}],"wp:featuredmedia":[{"embeddable":true,"href":"https:\/\/www.sainte-therese-plouzane.fr\/index.php\/wp-json\/wp\/v2\/media\/1235"}],"wp:attachment":[{"href":"https:\/\/www.sainte-therese-plouzane.fr\/index.php\/wp-json\/wp\/v2\/media?parent=1231"}],"wp:term":[{"taxonomy":"category","embeddable":true,"href":"https:\/\/www.sainte-therese-plouzane.fr\/index.php\/wp-json\/wp\/v2\/categories?post=1231"},{"taxonomy":"post_tag","embeddable":true,"href":"https:\/\/www.sainte-therese-plouzane.fr\/index.php\/wp-json\/wp\/v2\/tags?post=1231"}],"curies":[{"name":"wp","href":"https:\/\/api.w.org\/{rel}","templated":true}]}}