{"id":1184,"date":"2018-11-07T09:51:24","date_gmt":"2018-11-07T08:51:24","guid":{"rendered":"http:\/\/www.sainte-therese-plouzane.fr\/?p=1184"},"modified":"2018-11-07T09:53:05","modified_gmt":"2018-11-07T08:53:05","slug":"commemoration-11-novembre-1918","status":"publish","type":"post","link":"https:\/\/www.sainte-therese-plouzane.fr\/index.php\/2018\/11\/07\/commemoration-11-novembre-1918\/","title":{"rendered":"Comm\u00e9moration de l&#8217;armistice du 11 novembre 1918"},"content":{"rendered":"<p>Les \u00e9l\u00e8ves de CM2 et les coll\u00e9giens de Plouzan\u00e9 sont invit\u00e9s \u00e0 participer \u00e0 la comm\u00e9moration de l&#8217;armistice du 11 novembre 1918.<\/p>\n<p>Les \u00e9l\u00e8ves de l&#8217;\u00e9cole Sainte Th\u00e9r\u00e8se auront \u00e0 lire le nom de Poilus, morts au combat, originaires de la commune (voir liste ci-dessous).<\/p>\n<p>Ils entonneront &#8220;la Marseillaise&#8221; qu&#8217;ils ont r\u00e9p\u00e9t\u00e9 avec monsieur Pouivet, directeur de l&#8217;\u00e9cole de musique (voir la vid\u00e9o). Une r\u00e9p\u00e9tition g\u00e9n\u00e9rale est pr\u00e9vue vendredi 9\/11 \u00e0 l&#8217;\u00e9cole de musique.<\/p>\n<p>Toutes les familles sont invit\u00e9es \u00e0 participer \u00e0 cette comm\u00e9moration, dimanche 11 novembre \u00e0 l&#8217;\u00e9glise du Bourg de Plouzan\u00e9.<\/p>\n<p>&nbsp;<\/p>\n<p><span style=\"color: #3366ff;\"><span style=\"color: #ff0000;\">D\u00e9roulement de la comm\u00e9moration<\/span> :<a href=\"http:\/\/www.sainte-therese-plouzane.fr\/wp-content\/uploads\/2018\/11\/D\u00e9roul\u00e9-11-novembre-2018-V2.pdf\"> D\u00e9roul\u00e9 du 11 novembre 2018 <\/a><\/span><\/p>\n<p><span style=\"color: #ff0000;\">Liste des noms des Plouzan\u00e9ens morts pour la France lors de ce conflit<\/span> : <a href=\"http:\/\/www.sainte-therese-plouzane.fr\/wp-content\/uploads\/2018\/11\/Les-98-noms-r\u00e9partis.pdf\">Les noms des 98 Poilus<\/a><\/p>\n<p>&nbsp;<\/p>\n<div style=\"width: 780px;\" class=\"wp-video\"><!--[if lt IE 9]><script>document.createElement('video');<\/script><![endif]-->\n<video class=\"wp-video-shortcode\" id=\"video-1184-1\" width=\"780\" height=\"439\" preload=\"metadata\" controls=\"controls\"><source type=\"video\/mp4\" src=\"http:\/\/www.sainte-therese-plouzane.fr\/wp-content\/uploads\/2018\/11\/20181012_143125.mp4?_=1\" \/><a href=\"http:\/\/www.sainte-therese-plouzane.fr\/wp-content\/uploads\/2018\/11\/20181012_143125.mp4\">http:\/\/www.sainte-therese-plouzane.fr\/wp-content\/uploads\/2018\/11\/20181012_143125.mp4<\/a><\/video><\/div>\n","protected":false},"excerpt":{"rendered":"<p>Les \u00e9l\u00e8ves de CM2 et les coll\u00e9giens de Plouzan\u00e9 sont invit\u00e9s \u00e0 participer \u00e0 la comm\u00e9moration de l&#8217;armistice du 11 novembre 1918. Les \u00e9l\u00e8ves de l&#8217;\u00e9cole Sainte Th\u00e9r\u00e8se auront \u00e0 lire le nom de Poilus, morts au combat, originaires de la commune (voir liste ci-dessous). Ils entonneront &#8220;la Marseillaise&#8221; qu&#8217;ils ont r\u00e9p\u00e9t\u00e9 avec monsieur Pouivet, <a class=\"more-link\" href=\"https:\/\/www.sainte-therese-plouzane.fr\/index.php\/2018\/11\/07\/commemoration-11-novembre-1918\/\">Lire plus &#8230;<\/a><\/p>\n","protected":false},"author":1,"featured_media":1189,"comment_status":"closed","ping_status":"closed","sticky":false,"template":"","format":"standard","meta":{"footnotes":""},"categories":[9,6],"tags":[],"class_list":["post-1184","post","type-post","status-publish","format-standard","has-post-thumbnail","hentry","category-cycle-3","category-vie-scolaire"],"_links":{"self":[{"href":"https:\/\/www.sainte-therese-plouzane.fr\/index.php\/wp-json\/wp\/v2\/posts\/1184","targetHints":{"allow":["GET"]}}],"collection":[{"href":"https:\/\/www.sainte-therese-plouzane.fr\/index.php\/wp-json\/wp\/v2\/posts"}],"about":[{"href":"https:\/\/www.sainte-therese-plouzane.fr\/index.php\/wp-json\/wp\/v2\/types\/post"}],"author":[{"embeddable":true,"href":"https:\/\/www.sainte-therese-plouzane.fr\/index.php\/wp-json\/wp\/v2\/users\/1"}],"replies":[{"embeddable":true,"href":"https:\/\/www.sainte-therese-plouzane.fr\/index.php\/wp-json\/wp\/v2\/comments?post=1184"}],"version-history":[{"count":4,"href":"https:\/\/www.sainte-therese-plouzane.fr\/index.php\/wp-json\/wp\/v2\/posts\/1184\/revisions"}],"predecessor-version":[{"id":1193,"href":"https:\/\/www.sainte-therese-plouzane.fr\/index.php\/wp-json\/wp\/v2\/posts\/1184\/revisions\/1193"}],"wp:featuredmedia":[{"embeddable":true,"href":"https:\/\/www.sainte-therese-plouzane.fr\/index.php\/wp-json\/wp\/v2\/media\/1189"}],"wp:attachment":[{"href":"https:\/\/www.sainte-therese-plouzane.fr\/index.php\/wp-json\/wp\/v2\/media?parent=1184"}],"wp:term":[{"taxonomy":"category","embeddable":true,"href":"https:\/\/www.sainte-therese-plouzane.fr\/index.php\/wp-json\/wp\/v2\/categories?post=1184"},{"taxonomy":"post_tag","embeddable":true,"href":"https:\/\/www.sainte-therese-plouzane.fr\/index.php\/wp-json\/wp\/v2\/tags?post=1184"}],"curies":[{"name":"wp","href":"https:\/\/api.w.org\/{rel}","templated":true}]}}